{"id":145725,"date":"2024-04-09T12:52:49","date_gmt":"2024-04-09T18:52:49","guid":{"rendered":"https:\/\/nvnoticias.mx\/?p=145725"},"modified":"2024-04-09T12:52:51","modified_gmt":"2024-04-09T18:52:51","slug":"billie-eilish-anuncia-hit-me-hard-and-soft-su-nuevo-disco","status":"publish","type":"post","link":"https:\/\/nvnoticias.mx\/index.php\/2024\/04\/09\/billie-eilish-anuncia-hit-me-hard-and-soft-su-nuevo-disco\/","title":{"rendered":"Billie Eilish, anuncia &#8216;Hit Me Hard and Soft&#8217;, su nuevo disco"},"content":{"rendered":"\n<p><strong>Billie Eilish<\/strong>&nbsp;anunci\u00f3 este lunes que&nbsp;<strong>su tercer \u00e1lbum de estudio<\/strong>&nbsp;llevar\u00e1 por nombre&nbsp;<strong>&#8216;Hit Me Hard and Soft&#8217;&nbsp;<\/strong>y que se estrenar\u00e1 el pr\u00f3ximo 17 de mayo.<\/p>\n\n\n\n<p>La nueve veces\u00a0ganadora\u00a0de un Grammy public\u00f3 en sus redes sociales que\u00a0<strong>est\u00e1 &#8220;nerviosa&#8221; y &#8220;emocionada&#8221;<\/strong>\u00a0por el anuncio y comparti\u00f3 una fotograf\u00eda de lo que ser\u00e1\u00a0<strong>la portada de dicho material.<\/strong><\/p>\n\n\n\n<p>En ella se ve a&nbsp;<strong>Eilish sumergida en agua,<\/strong>&nbsp;mientra una puerta blanca se abre frente a ella.<\/p>\n\n\n\n<blockquote class=\"wp-block-quote is-layout-flow wp-block-quote-is-layout-flow\">\n<p><strong>&#8220;Es tan loco estar escribiendo esto ahora mismo estoy nerviosa y emocionada, no estoy haciendo sencillos, quiero d\u00e1rselos todo de una vez&#8221;, escribi\u00f3 en Instagram la cantautora nacida en Los \u00c1ngeles.<\/strong><\/p>\n<\/blockquote>\n\n\n\n<p>Eilish tambi\u00e9n asegur\u00f3 que tanto ella como su hermano, el productor y\u00a0compositor\u00a0<strong>Finneas O&#8217;Connell<\/strong>, no pod\u00edan estar &#8220;m\u00e1s orgullosos&#8221; de su trabajo en este disco.<\/p>\n\n\n\n<p>Fuente: <a href=\"https:\/\/www.milenio.com\/espectaculos\/musica\/billie-eilish-anuncia-su-nuevo-disco-hit-me-hard-and-soft-cuando-sale\" data-type=\"link\" data-id=\"https:\/\/www.milenio.com\/espectaculos\/musica\/billie-eilish-anuncia-su-nuevo-disco-hit-me-hard-and-soft-cuando-sale\">Milenio<\/a> <\/p>\n","protected":false},"excerpt":{"rendered":"<p>Billie Eilish&nbsp;anunci\u00f3 este lunes que&nbsp;su tercer \u00e1lbum de estudio&nbsp;llevar\u00e1 por nombre&nbsp;&#8216;Hit Me Hard and Soft&#8217;&nbsp;y que se estrenar\u00e1 el pr\u00f3ximo 17 de mayo. La nueve veces\u00a0ganadora\u00a0de un Grammy public\u00f3 en sus redes sociales que\u00a0est\u00e1 &#8220;nerviosa&#8221; y &#8220;emocionada&#8221;\u00a0por el anuncio y comparti\u00f3 una fotograf\u00eda de lo que ser\u00e1\u00a0la portada de dicho material. En ella se ve [&hellip;]<\/p>\n","protected":false},"author":35,"featured_media":131575,"comment_status":"open","ping_status":"open","sticky":false,"template":"","format":"standard","meta":{"_monsterinsights_skip_tracking":false,"_monsterinsights_sitenote_active":false,"_monsterinsights_sitenote_note":"","_monsterinsights_sitenote_category":0,"footnotes":""},"categories":[576],"tags":[6814],"class_list":["post-145725","post","type-post","status-publish","format-standard","has-post-thumbnail","hentry","category-ocio","tag-billie-eilish","wp-image-borders"],"amp_enabled":true,"_links":{"self":[{"href":"https:\/\/nvnoticias.mx\/index.php\/wp-json\/wp\/v2\/posts\/145725","targetHints":{"allow":["GET"]}}],"collection":[{"href":"https:\/\/nvnoticias.mx\/index.php\/wp-json\/wp\/v2\/posts"}],"about":[{"href":"https:\/\/nvnoticias.mx\/index.php\/wp-json\/wp\/v2\/types\/post"}],"author":[{"embeddable":true,"href":"https:\/\/nvnoticias.mx\/index.php\/wp-json\/wp\/v2\/users\/35"}],"replies":[{"embeddable":true,"href":"https:\/\/nvnoticias.mx\/index.php\/wp-json\/wp\/v2\/comments?post=145725"}],"version-history":[{"count":3,"href":"https:\/\/nvnoticias.mx\/index.php\/wp-json\/wp\/v2\/posts\/145725\/revisions"}],"predecessor-version":[{"id":145735,"href":"https:\/\/nvnoticias.mx\/index.php\/wp-json\/wp\/v2\/posts\/145725\/revisions\/145735"}],"wp:featuredmedia":[{"embeddable":true,"href":"https:\/\/nvnoticias.mx\/index.php\/wp-json\/wp\/v2\/media\/131575"}],"wp:attachment":[{"href":"https:\/\/nvnoticias.mx\/index.php\/wp-json\/wp\/v2\/media?parent=145725"}],"wp:term":[{"taxonomy":"category","embeddable":true,"href":"https:\/\/nvnoticias.mx\/index.php\/wp-json\/wp\/v2\/categories?post=145725"},{"taxonomy":"post_tag","embeddable":true,"href":"https:\/\/nvnoticias.mx\/index.php\/wp-json\/wp\/v2\/tags?post=145725"}],"curies":[{"name":"wp","href":"https:\/\/api.w.org\/{rel}","templated":true}]}}