{"id":145639,"date":"2024-04-08T19:37:05","date_gmt":"2024-04-09T01:37:05","guid":{"rendered":"https:\/\/nvnoticias.mx\/?p=145639"},"modified":"2024-04-08T19:37:06","modified_gmt":"2024-04-09T01:37:06","slug":"fiscal-de-morelos-uriel-carmona-obtiene-amparo-por-caso-ariadna-fernanda","status":"publish","type":"post","link":"https:\/\/nvnoticias.mx\/index.php\/2024\/04\/08\/fiscal-de-morelos-uriel-carmona-obtiene-amparo-por-caso-ariadna-fernanda\/","title":{"rendered":"Fiscal de Morelos, Uriel Carmona, obtiene amparo por caso Ariadna Fernanda"},"content":{"rendered":"\n<p>Un juzgado federal otorg\u00f3 un amparo al fiscal de Justicia de Morelos, Uriel Carmona G\u00e1ndara, sentencia que ordena sobreseer la causa penal que se inici\u00f3 en su contra, por no existir el delito de retardo de justicia que le imput\u00f3 la Fiscal\u00eda General de Justicia (FGJ) de la Ciudad de M\u00e9xico por el caso de la joven Ariadna Fernanda.<\/p>\n\n\n\n<p>El secretario en funciones de juez federal, del juzgado D\u00e9cimo Quinto de Distrito de Amparo en Materia Penal de la Ciudad de M\u00e9xico, concedi\u00f3 la protecci\u00f3n de la justicia al fiscal morelense.<\/p>\n\n\n\n<p>El 4 de noviembre de 2022, Uriel Carmona convoc\u00f3 a una conferencia de medios para dar a conocer los resultados de la muerte de la joven, donde se inform\u00f3 que el deceso deriv\u00f3 por una broncoaspiraci\u00f3n.<\/p>\n\n\n\n<p>Sin embargo, el despacho de Gabriel Regino se\u00f1al\u00f3 que, con motivo de intereses pol\u00edticos y una manipulaci\u00f3n il\u00edcita de la investigaci\u00f3n, la Fiscal\u00eda de la Ciudad de M\u00e9xico orden\u00f3 la detenci\u00f3n del fiscal gener\u00e1ndole, posteriormente, dos acusaciones m\u00e1s, todas las cuales han sido ya superadas gracias a los amparos obtenidos.<\/p>\n\n\n\n<blockquote class=\"wp-block-quote is-layout-flow wp-block-quote-is-layout-flow\">\n<p>\u201c<em>El sobreseimiento de la causa principal dictado el d\u00eda de hoy, demuestra de manera contundente e irrefutable que el titular de la Fiscal\u00eda de Morelos, don Uriel Carmona G\u00e1ndara, jam\u00e1s cometi\u00f3 delito alguno, que jam\u00e1s encubri\u00f3 ning\u00fan feminicidio y que todo obedeci\u00f3 a una desafortunada intenci\u00f3n de car\u00e1cter netamente pol\u00edtico<\/em>.<\/p>\n<\/blockquote>\n\n\n\n<blockquote class=\"wp-block-quote is-layout-flow wp-block-quote-is-layout-flow\">\n<p>\u201c<em>Con esta resoluci\u00f3n se confirma la libertad absoluta de dicho servidor p\u00fablico y queda en manos de su defensa la realizaci\u00f3n de acciones en contra de todos quienes participaron en la utilizaci\u00f3n de las agencias de justicia de forma delictiva<\/em>\u201d, enfatiz\u00f3.<\/p>\n<\/blockquote>\n\n\n\n<p>Es de mencionar que, la joven Ariadna Fernanda fue encontrada sin vida en octubre de 2022 en la carretera La Pera-Cuautla, en el estado de Morelos.&nbsp;El 16 de enero de 2023, la Fiscal\u00eda General de la Rep\u00fablica (FGR) determin\u00f3 que Ariadna&nbsp;Fernanda L\u00f3pez muri\u00f3 a causa de un golpe contundente en la cabeza, dictamen que coincidi\u00f3 con el peritaje de la FGJ, la cual&nbsp;indic\u00f3 que la muerte de la joven se trat\u00f3 de un feminicidio.<\/p>\n\n\n\n<p>Por su parte, los peritajes de Morelos difer\u00edan, porque se dijo que la joven muri\u00f3 por una broncoaspiraci\u00f3n secundaria, por intoxicaci\u00f3n et\u00edlica.&nbsp;La FGJ capitalina solicit\u00f3 una orden de aprehensi\u00f3n contra Uriel Carmona y lo detuvo.&nbsp;Despu\u00e9s, un juez lo vincul\u00f3 a proceso y se le ingres\u00f3 al penal de m\u00e1xima seguridad del Altiplano, en el Estado de M\u00e9xico, donde permaneci\u00f3 unas semanas.<\/p>\n\n\n\n<p>Sin embargo, un Tribunal Federal orden\u00f3 su liberaci\u00f3n, ya que le concedi\u00f3 una suspensi\u00f3n y se le orden\u00f3 presentarse ante el juez de la causa penal del TSJ de la CDMX.<\/p>\n\n\n\n<p>Fuente: <a href=\"https:\/\/www.milenio.com\/policia\/uriel-carmona-obtiene-amparo-caso-ariadna-fernanda\">Milenio<\/a><\/p>\n","protected":false},"excerpt":{"rendered":"<p>Un juzgado federal otorg\u00f3 un amparo al fiscal de Justicia de Morelos, Uriel Carmona G\u00e1ndara, sentencia que ordena sobreseer la causa penal que se inici\u00f3 en su contra, por no existir el delito de retardo de justicia que le imput\u00f3 la Fiscal\u00eda General de Justicia (FGJ) de la Ciudad de M\u00e9xico por el caso de [&hellip;]<\/p>\n","protected":false},"author":8,"featured_media":145641,"comment_status":"open","ping_status":"open","sticky":false,"template":"","format":"standard","meta":{"_monsterinsights_skip_tracking":false,"_monsterinsights_sitenote_active":false,"_monsterinsights_sitenote_note":"","_monsterinsights_sitenote_category":0,"footnotes":""},"categories":[157,1],"tags":[20838,8836,1468,162,26669],"class_list":["post-145639","post","type-post","status-publish","format-standard","has-post-thumbnail","hentry","category-nacional","category-uncategorized","tag-ariadna-fernanda","tag-fiscal","tag-morelos","tag-portada","tag-uriel-carmona","wp-image-borders"],"amp_enabled":true,"_links":{"self":[{"href":"https:\/\/nvnoticias.mx\/index.php\/wp-json\/wp\/v2\/posts\/145639","targetHints":{"allow":["GET"]}}],"collection":[{"href":"https:\/\/nvnoticias.mx\/index.php\/wp-json\/wp\/v2\/posts"}],"about":[{"href":"https:\/\/nvnoticias.mx\/index.php\/wp-json\/wp\/v2\/types\/post"}],"author":[{"embeddable":true,"href":"https:\/\/nvnoticias.mx\/index.php\/wp-json\/wp\/v2\/users\/8"}],"replies":[{"embeddable":true,"href":"https:\/\/nvnoticias.mx\/index.php\/wp-json\/wp\/v2\/comments?post=145639"}],"version-history":[{"count":1,"href":"https:\/\/nvnoticias.mx\/index.php\/wp-json\/wp\/v2\/posts\/145639\/revisions"}],"predecessor-version":[{"id":145640,"href":"https:\/\/nvnoticias.mx\/index.php\/wp-json\/wp\/v2\/posts\/145639\/revisions\/145640"}],"wp:featuredmedia":[{"embeddable":true,"href":"https:\/\/nvnoticias.mx\/index.php\/wp-json\/wp\/v2\/media\/145641"}],"wp:attachment":[{"href":"https:\/\/nvnoticias.mx\/index.php\/wp-json\/wp\/v2\/media?parent=145639"}],"wp:term":[{"taxonomy":"category","embeddable":true,"href":"https:\/\/nvnoticias.mx\/index.php\/wp-json\/wp\/v2\/categories?post=145639"},{"taxonomy":"post_tag","embeddable":true,"href":"https:\/\/nvnoticias.mx\/index.php\/wp-json\/wp\/v2\/tags?post=145639"}],"curies":[{"name":"wp","href":"https:\/\/api.w.org\/{rel}","templated":true}]}}