{"id":145634,"date":"2024-04-08T17:11:45","date_gmt":"2024-04-08T23:11:45","guid":{"rendered":"https:\/\/nvnoticias.mx\/?p=145634"},"modified":"2024-04-08T17:11:47","modified_gmt":"2024-04-08T23:11:47","slug":"hospitalizan-al-exvicepresidente-ecuatoriano-jorge-glas-por-sobredosis-de-medicamentos","status":"publish","type":"post","link":"https:\/\/nvnoticias.mx\/index.php\/2024\/04\/08\/hospitalizan-al-exvicepresidente-ecuatoriano-jorge-glas-por-sobredosis-de-medicamentos\/","title":{"rendered":"Hospitalizan al exvicepresidente ecuatoriano Jorge Glas por sobredosis de medicamentos"},"content":{"rendered":"\n<p>El exvicepresidente\u00a0<strong>Jorge Glas<\/strong>, que fue detenido en una violenta irrupci\u00f3n policial en la<strong>\u00a0Embajada de M\u00e9xico en Quito\u00a0<\/strong>para ser trasladado a una c\u00e1rcel de m\u00e1xima seguridad, habr\u00eda intentado suicidarse con una sobredosis de medicamentos y habr\u00eda sido traslado a un hospital de la ciudad costera de Guayaquil.<\/p>\n\n\n\n<p>Seg\u00fan la emisora\u00a0<strong>Radio Pichincha,<\/strong>\u00a0que cita fuentes cercanas al movimiento Revoluci\u00f3n Ciudadana, al que pertenece Glas, el pol\u00edtico habr\u00eda sido trasladado al Hospital Militar, en\u00a0<strong>Guayaquil<\/strong>, debido al consumo de una sobredosis de medicamentos en un intento de suicidio.<\/p>\n\n\n\n<p>Tambi\u00e9n el medio digital Primicias inform\u00f3 que Glas habr\u00eda sido declarado en coma m\u00e9dico, seg\u00fan un parte policial sobre las causas del quebranto por la &#8220;ingesta de\u00a0<strong>medicamentos ansiol\u00edticos<\/strong>, antidepresivos y sedantes&#8221;.<\/p>\n\n\n\n<p>Asimismo, se advirti\u00f3 que el exvicepresidente y aliado del expresidente&nbsp;<strong>Rafael Correa<\/strong>&nbsp;(2007-2017) habr\u00eda sido estabilizado en la unidad m\u00e9dica a la que fue trasladado. El diario&nbsp;<em>El Universo&nbsp;<\/em>se\u00f1al\u00f3 que tras la estabilizaci\u00f3n, Glas fue devuelto a la prisi\u00f3n de La Roca, donde est\u00e1 en detenci\u00f3n preventiva, se\u00f1alado por peculado. La defena se quej\u00f3 de que no le han permitido verlo.<\/p>\n\n\n\n<p>De momento, ninguna autoridad ecuatoriana ha confirmado ni negado la informaci\u00f3n, pese a los m\u00faltiples pedidos de la prensa de una versi\u00f3n oficial sobre el supuesto intento de suicidio de Jorge Glass.<\/p>\n\n\n\n<p>Sin embargo, en su cuenta en X, el expresidente\u00a0<strong>Rafael Correa\u00a0<\/strong>ya reaccion\u00f3: &#8220;Era lo que tem\u00eda. Los canallas saltar\u00e1n de alegr\u00eda. \u00a1Fuerza, Jorge!&#8221;.<\/p>\n\n\n\n<p>Fuente: <a href=\"https:\/\/www.eluniversal.com.mx\/mundo\/reportan-hospitalizacion-del-exvicepresidente-ecuatoriano-jorge-glas-por-sobredosis-de-medicamentos\/\">El Universal<\/a><\/p>\n","protected":false},"excerpt":{"rendered":"<p>El exvicepresidente\u00a0Jorge Glas, que fue detenido en una violenta irrupci\u00f3n policial en la\u00a0Embajada de M\u00e9xico en Quito\u00a0para ser trasladado a una c\u00e1rcel de m\u00e1xima seguridad, habr\u00eda intentado suicidarse con una sobredosis de medicamentos y habr\u00eda sido traslado a un hospital de la ciudad costera de Guayaquil. Seg\u00fan la emisora\u00a0Radio Pichincha,\u00a0que cita fuentes cercanas al movimiento [&hellip;]<\/p>\n","protected":false},"author":8,"featured_media":145635,"comment_status":"open","ping_status":"open","sticky":false,"template":"","format":"standard","meta":{"_monsterinsights_skip_tracking":false,"_monsterinsights_sitenote_active":false,"_monsterinsights_sitenote_note":"","_monsterinsights_sitenote_category":0,"footnotes":""},"categories":[181],"tags":[5530,28736,1497],"class_list":["post-145634","post","type-post","status-publish","format-standard","has-post-thumbnail","hentry","category-internacional","tag-hospitalizacion","tag-jorge-glas","tag-sobredosis","wp-image-borders"],"amp_enabled":true,"_links":{"self":[{"href":"https:\/\/nvnoticias.mx\/index.php\/wp-json\/wp\/v2\/posts\/145634","targetHints":{"allow":["GET"]}}],"collection":[{"href":"https:\/\/nvnoticias.mx\/index.php\/wp-json\/wp\/v2\/posts"}],"about":[{"href":"https:\/\/nvnoticias.mx\/index.php\/wp-json\/wp\/v2\/types\/post"}],"author":[{"embeddable":true,"href":"https:\/\/nvnoticias.mx\/index.php\/wp-json\/wp\/v2\/users\/8"}],"replies":[{"embeddable":true,"href":"https:\/\/nvnoticias.mx\/index.php\/wp-json\/wp\/v2\/comments?post=145634"}],"version-history":[{"count":1,"href":"https:\/\/nvnoticias.mx\/index.php\/wp-json\/wp\/v2\/posts\/145634\/revisions"}],"predecessor-version":[{"id":145636,"href":"https:\/\/nvnoticias.mx\/index.php\/wp-json\/wp\/v2\/posts\/145634\/revisions\/145636"}],"wp:featuredmedia":[{"embeddable":true,"href":"https:\/\/nvnoticias.mx\/index.php\/wp-json\/wp\/v2\/media\/145635"}],"wp:attachment":[{"href":"https:\/\/nvnoticias.mx\/index.php\/wp-json\/wp\/v2\/media?parent=145634"}],"wp:term":[{"taxonomy":"category","embeddable":true,"href":"https:\/\/nvnoticias.mx\/index.php\/wp-json\/wp\/v2\/categories?post=145634"},{"taxonomy":"post_tag","embeddable":true,"href":"https:\/\/nvnoticias.mx\/index.php\/wp-json\/wp\/v2\/tags?post=145634"}],"curies":[{"name":"wp","href":"https:\/\/api.w.org\/{rel}","templated":true}]}}