{"id":145556,"date":"2024-04-08T12:58:32","date_gmt":"2024-04-08T18:58:32","guid":{"rendered":"https:\/\/nvnoticias.mx\/?p=145556"},"modified":"2024-04-08T12:58:34","modified_gmt":"2024-04-08T18:58:34","slug":"veracruzanos-se-pierden-el-esplendor-del-eclipse-total-de-sol","status":"publish","type":"post","link":"https:\/\/nvnoticias.mx\/index.php\/2024\/04\/08\/veracruzanos-se-pierden-el-esplendor-del-eclipse-total-de-sol\/","title":{"rendered":"Veracruzanos se pierden el esplendor del eclipse total de sol"},"content":{"rendered":"\n<p><strong>Jes\u00fas Utrilla \/ NV Noticias<\/strong><\/p>\n\n\n\n<p>En una oportunidad \u00fanica para presenciar un espect\u00e1culo celestial, los habitantes de la zona conurbada Veracruz-Boca del R\u00edo se vieron privados de apreciar en su plenitud el eclipse total de sol, que ocurri\u00f3 el d\u00eda de hoy. <\/p>\n\n\n\n<p>El fen\u00f3meno natural, que captura la atenci\u00f3n y la admiraci\u00f3n de millones alrededor del mundo, se vio empa\u00f1ado por la densa bruma que cubri\u00f3 el cielo, impidiendo que los veracruzanos disfrutaran completamente del evento astron\u00f3mico.<\/p>\n\n\n\n<p>Desde tempranas horas de la ma\u00f1ana, la expectativa se palpaba en el aire, con entusiastas prepar\u00e1ndose para observar el eclipse desde diferentes puntos estrat\u00e9gicos de la regi\u00f3n. <\/p>\n\n\n\n<p>Sin embargo, la naturaleza ten\u00eda otros planes, ya que una neblina persistente envolvi\u00f3 el cielo, reduciendo la visibilidad y frustrando las esperanzas de aquellos ansiosos por presenciar el fen\u00f3meno en toda su gloria.<\/p>\n\n\n\n<p>Lugares emblem\u00e1ticos como el bulevar y el Z\u00f3calo, que suelen ser puntos de reuni\u00f3n para eventos de esta naturaleza, vieron una afluencia notablemente menor de personas que lo habitual. <\/p>\n\n\n\n<p>La falta de claridad en el cielo desalent\u00f3 a muchos a aventurarse a estos sitios, prefiriendo quedarse en casa o buscar alternativas para seguir el eclipse a trav\u00e9s de medios digitales o transmisiones en vivo.<\/p>\n\n\n\n<p>Este infortunado giro del destino dej\u00f3 a los veracruzanos con un sabor agridulce, ya que, si bien tuvieron la oportunidad de ser testigos de un evento astron\u00f3mico \u00fanico, no pudieron disfrutarlo en toda su magnificencia debido a las condiciones clim\u00e1ticas desfavorables.<\/p>\n\n\n\n<p>Mientras tanto, el recuerdo de este eclipse, aunque velado por la bruma, permanecer\u00e1 en la memoria de aquellos que intentaron presenciarlo, record\u00e1ndoles la imprevisibilidad y la belleza de los fen\u00f3menos naturales que nos rodean.<\/p>\n","protected":false},"excerpt":{"rendered":"<p>Jes\u00fas Utrilla \/ NV Noticias En una oportunidad \u00fanica para presenciar un espect\u00e1culo celestial, los habitantes de la zona conurbada Veracruz-Boca del R\u00edo se vieron privados de apreciar en su plenitud el eclipse total de sol, que ocurri\u00f3 el d\u00eda de hoy. El fen\u00f3meno natural, que captura la atenci\u00f3n y la admiraci\u00f3n de millones alrededor [&hellip;]<\/p>\n","protected":false},"author":8,"featured_media":145561,"comment_status":"open","ping_status":"open","sticky":false,"template":"","format":"standard","meta":{"_monsterinsights_skip_tracking":false,"_monsterinsights_sitenote_active":false,"_monsterinsights_sitenote_note":"","_monsterinsights_sitenote_category":0,"footnotes":""},"categories":[154],"tags":[7614,180],"class_list":["post-145556","post","type-post","status-publish","format-standard","has-post-thumbnail","hentry","category-veracruz","tag-eclipse-de-sol","tag-veracruz","wp-image-borders"],"amp_enabled":true,"_links":{"self":[{"href":"https:\/\/nvnoticias.mx\/index.php\/wp-json\/wp\/v2\/posts\/145556","targetHints":{"allow":["GET"]}}],"collection":[{"href":"https:\/\/nvnoticias.mx\/index.php\/wp-json\/wp\/v2\/posts"}],"about":[{"href":"https:\/\/nvnoticias.mx\/index.php\/wp-json\/wp\/v2\/types\/post"}],"author":[{"embeddable":true,"href":"https:\/\/nvnoticias.mx\/index.php\/wp-json\/wp\/v2\/users\/8"}],"replies":[{"embeddable":true,"href":"https:\/\/nvnoticias.mx\/index.php\/wp-json\/wp\/v2\/comments?post=145556"}],"version-history":[{"count":1,"href":"https:\/\/nvnoticias.mx\/index.php\/wp-json\/wp\/v2\/posts\/145556\/revisions"}],"predecessor-version":[{"id":145563,"href":"https:\/\/nvnoticias.mx\/index.php\/wp-json\/wp\/v2\/posts\/145556\/revisions\/145563"}],"wp:featuredmedia":[{"embeddable":true,"href":"https:\/\/nvnoticias.mx\/index.php\/wp-json\/wp\/v2\/media\/145561"}],"wp:attachment":[{"href":"https:\/\/nvnoticias.mx\/index.php\/wp-json\/wp\/v2\/media?parent=145556"}],"wp:term":[{"taxonomy":"category","embeddable":true,"href":"https:\/\/nvnoticias.mx\/index.php\/wp-json\/wp\/v2\/categories?post=145556"},{"taxonomy":"post_tag","embeddable":true,"href":"https:\/\/nvnoticias.mx\/index.php\/wp-json\/wp\/v2\/tags?post=145556"}],"curies":[{"name":"wp","href":"https:\/\/api.w.org\/{rel}","templated":true}]}}