{"id":145549,"date":"2024-04-08T12:34:08","date_gmt":"2024-04-08T18:34:08","guid":{"rendered":"https:\/\/nvnoticias.mx\/?p=145549"},"modified":"2024-04-08T12:34:10","modified_gmt":"2024-04-08T18:34:10","slug":"interes-por-eclipse-provoca-afectaciones-viales-en-eu-y-canada","status":"publish","type":"post","link":"https:\/\/nvnoticias.mx\/index.php\/2024\/04\/08\/interes-por-eclipse-provoca-afectaciones-viales-en-eu-y-canada\/","title":{"rendered":"Inter\u00e9s por eclipse provoca afectaciones viales en EU y Canad\u00e1"},"content":{"rendered":"\n<p>El&nbsp;<strong>eclipse solar&nbsp;total<\/strong>&nbsp;de este lunes que va a oscurecer el cielo de partes de&nbsp;<strong>M\u00e9xico, Estados Unidos y Canad\u00e1&nbsp;<\/strong>ya est\u00e1 dejando sus primeras consecuencias como afectaciones en el tr\u00e1fico debido a la gran expectaci\u00f3n que ha generado el fen\u00f3meno a millones de espectadores.<\/p>\n\n\n\n<p>La&nbsp;<strong>Administraci\u00f3n Federal de Carreteras&nbsp;<\/strong>alert\u00f3 que el evento podr\u00eda provocar importantes&nbsp;<strong>retrasos&nbsp;<\/strong>en los vuelos y&nbsp;<strong>congesti\u00f3n&nbsp;<\/strong>de tr\u00e1fico en <strong>Estados Unidos<\/strong>, por lo que pidi\u00f3 una \u201cplanificaci\u00f3n cuidadosa\u201d a los viajeros.<\/p>\n\n\n\n<p>El \u00faltimo eclipse solar visible en el pa\u00eds en 2017 provoc\u00f3&nbsp;<strong>atascos de tr\u00e1fico<\/strong>&nbsp;que se prolongaron entre 7 y 15 horas en algunas \u00e1reas y, seg\u00fan la&nbsp;<strong>Asociaci\u00f3n Estadounidense del Autom\u00f3vil<\/strong>&nbsp;se espera que este a\u00f1o, con una trayectoria de eclipse m\u00e1s ancha, el desaf\u00edo en las carreteras sea similar o a\u00fan mayor.<\/p>\n\n\n\n<p>El estado de Nueva York, por ejemplo, espera a un mill\u00f3n de&nbsp;<strong>turistas&nbsp;<\/strong>que quieren ver el eclipse en la parte norte del estado, junto a la frontera con Canad\u00e1, por lo que los alojamientos ofrecidos por Airbnb y otras plataformas similares est\u00e1n casi al completo a lo largo de la ruta donde podr\u00e1 verse el fen\u00f3meno.<\/p>\n\n\n\n<p>Aunque la Luna no ocult\u00f3 por completo el Sol, el \u00faltimo eclipse solar tuvo lugar el 21 de agosto de 2017 y, seg\u00fan la\u00a0<strong>NASA<\/strong>, en Norteam\u00e9rica el pr\u00f3ximo eclipse solar total no se producir\u00e1 hasta el 23 de agosto de 2044 y este no tendr\u00e1 el mismo alcance que el de este lunes, por lo que la poblaci\u00f3n quiere aprovechar la oportunidad.<\/p>\n\n\n\n<p>Fuente:<a href=\"https:\/\/www.eluniversal.com.mx\/mundo\/interes-por-eclipse-provoca-afectaciones-viales-en-eu-y-canada\/\" data-type=\"link\" data-id=\"https:\/\/www.eluniversal.com.mx\/mundo\/interes-por-eclipse-provoca-afectaciones-viales-en-eu-y-canada\/\"> El Universal<\/a> <\/p>\n","protected":false},"excerpt":{"rendered":"<p>El&nbsp;eclipse solar&nbsp;total&nbsp;de este lunes que va a oscurecer el cielo de partes de&nbsp;M\u00e9xico, Estados Unidos y Canad\u00e1&nbsp;ya est\u00e1 dejando sus primeras consecuencias como afectaciones en el tr\u00e1fico debido a la gran expectaci\u00f3n que ha generado el fen\u00f3meno a millones de espectadores. La&nbsp;Administraci\u00f3n Federal de Carreteras&nbsp;alert\u00f3 que el evento podr\u00eda provocar importantes&nbsp;retrasos&nbsp;en los vuelos y&nbsp;congesti\u00f3n&nbsp;de tr\u00e1fico [&hellip;]<\/p>\n","protected":false},"author":35,"featured_media":145552,"comment_status":"open","ping_status":"open","sticky":false,"template":"","format":"standard","meta":{"_monsterinsights_skip_tracking":false,"_monsterinsights_sitenote_active":false,"_monsterinsights_sitenote_note":"","_monsterinsights_sitenote_category":0,"footnotes":""},"categories":[181],"tags":[887,27806,183],"class_list":["post-145549","post","type-post","status-publish","format-standard","has-post-thumbnail","hentry","category-internacional","tag-canada-2","tag-eclipse-solar","tag-estados-unidos","wp-image-borders"],"amp_enabled":true,"_links":{"self":[{"href":"https:\/\/nvnoticias.mx\/index.php\/wp-json\/wp\/v2\/posts\/145549","targetHints":{"allow":["GET"]}}],"collection":[{"href":"https:\/\/nvnoticias.mx\/index.php\/wp-json\/wp\/v2\/posts"}],"about":[{"href":"https:\/\/nvnoticias.mx\/index.php\/wp-json\/wp\/v2\/types\/post"}],"author":[{"embeddable":true,"href":"https:\/\/nvnoticias.mx\/index.php\/wp-json\/wp\/v2\/users\/35"}],"replies":[{"embeddable":true,"href":"https:\/\/nvnoticias.mx\/index.php\/wp-json\/wp\/v2\/comments?post=145549"}],"version-history":[{"count":4,"href":"https:\/\/nvnoticias.mx\/index.php\/wp-json\/wp\/v2\/posts\/145549\/revisions"}],"predecessor-version":[{"id":145554,"href":"https:\/\/nvnoticias.mx\/index.php\/wp-json\/wp\/v2\/posts\/145549\/revisions\/145554"}],"wp:featuredmedia":[{"embeddable":true,"href":"https:\/\/nvnoticias.mx\/index.php\/wp-json\/wp\/v2\/media\/145552"}],"wp:attachment":[{"href":"https:\/\/nvnoticias.mx\/index.php\/wp-json\/wp\/v2\/media?parent=145549"}],"wp:term":[{"taxonomy":"category","embeddable":true,"href":"https:\/\/nvnoticias.mx\/index.php\/wp-json\/wp\/v2\/categories?post=145549"},{"taxonomy":"post_tag","embeddable":true,"href":"https:\/\/nvnoticias.mx\/index.php\/wp-json\/wp\/v2\/tags?post=145549"}],"curies":[{"name":"wp","href":"https:\/\/api.w.org\/{rel}","templated":true}]}}