{"id":14553,"date":"2021-05-28T12:50:27","date_gmt":"2021-05-28T17:50:27","guid":{"rendered":"https:\/\/nvnoticias.mx\/?p=14553"},"modified":"2021-05-28T12:50:29","modified_gmt":"2021-05-28T17:50:29","slug":"nena-de-la-reguera-no-puede-ser-candidata-a-la-alcaldia-de-boca-del-rio-no-tiene-credencial-de-elector-vigente-maru-santos","status":"publish","type":"post","link":"https:\/\/nvnoticias.mx\/index.php\/2021\/05\/28\/nena-de-la-reguera-no-puede-ser-candidata-a-la-alcaldia-de-boca-del-rio-no-tiene-credencial-de-elector-vigente-maru-santos\/","title":{"rendered":"Nena de la Reguera no puede ser candidata a la alcald\u00eda de Boca del R\u00edo, no tiene credencial de elector vigente: Maru Santos"},"content":{"rendered":"\n<p><strong>Jes\u00fas Utrilla \/ NV Noticias<\/strong><\/p>\n\n\n\n<p>La candidata a la diputaci\u00f3n local por el distrito 16 del Partido Encuentro Solidario, Maru Santos Gonz\u00e1lez asegur\u00f3 que la candidata a la alcald\u00eda de Boca del R\u00edo de la alianza Morena, PT y PVEM, Dulce Mar\u00eda de la Reguera G\u00f3mez no puede ser candidata porque no tiene credencial de elector vigente.<\/p>\n\n\n\n<p>Maru Santos considera que Nena de la Reguera est\u00e1 enga\u00f1ando a los electores porque no est\u00e1 en la lista nominal ni en el padr\u00f3n electoral por lo que no puede votar ni ser votada.<\/p>\n\n\n\n<p>Maru Santos, conocida como la candidata de la lupa, ret\u00f3 a Nena de la Reguera a presentar su credencial de elector vigente para que demuestre que si puede participar en la contienda.<\/p>\n\n\n\n<p>La candidata fundament\u00f3 que el art\u00edculo 136 fracci\u00f3n 7 de la ley general de instituciones y procedimientos electorales establece que las oficinas del Registro Federal de Electores verificar\u00e1n que los nombres de los ciudadanos que no hayan acudido a obtener su credencial para votar no aparezcan en las listas nominales de electores.<\/p>\n","protected":false},"excerpt":{"rendered":"<p>Jes\u00fas Utrilla \/ NV Noticias La candidata a la diputaci\u00f3n local por el distrito 16 del Partido Encuentro Solidario, Maru Santos Gonz\u00e1lez asegur\u00f3 que la candidata a la alcald\u00eda de Boca del R\u00edo de la alianza Morena, PT y PVEM, Dulce Mar\u00eda de la Reguera G\u00f3mez no puede ser candidata porque no tiene credencial de [&hellip;]<\/p>\n","protected":false},"author":6,"featured_media":14554,"comment_status":"open","ping_status":"open","sticky":false,"template":"","format":"standard","meta":{"_monsterinsights_skip_tracking":false,"_monsterinsights_sitenote_active":false,"_monsterinsights_sitenote_note":"","_monsterinsights_sitenote_category":0,"footnotes":""},"categories":[158],"tags":[1131,4033,3626,4032],"class_list":["post-14553","post","type-post","status-publish","format-standard","has-post-thumbnail","hentry","category-politica","tag-alcaldia","tag-boca-del-rio-2","tag-maru-santos-gonzalez","tag-nena-de-la-reguera","wp-image-borders"],"amp_enabled":true,"_links":{"self":[{"href":"https:\/\/nvnoticias.mx\/index.php\/wp-json\/wp\/v2\/posts\/14553","targetHints":{"allow":["GET"]}}],"collection":[{"href":"https:\/\/nvnoticias.mx\/index.php\/wp-json\/wp\/v2\/posts"}],"about":[{"href":"https:\/\/nvnoticias.mx\/index.php\/wp-json\/wp\/v2\/types\/post"}],"author":[{"embeddable":true,"href":"https:\/\/nvnoticias.mx\/index.php\/wp-json\/wp\/v2\/users\/6"}],"replies":[{"embeddable":true,"href":"https:\/\/nvnoticias.mx\/index.php\/wp-json\/wp\/v2\/comments?post=14553"}],"version-history":[{"count":1,"href":"https:\/\/nvnoticias.mx\/index.php\/wp-json\/wp\/v2\/posts\/14553\/revisions"}],"predecessor-version":[{"id":14555,"href":"https:\/\/nvnoticias.mx\/index.php\/wp-json\/wp\/v2\/posts\/14553\/revisions\/14555"}],"wp:featuredmedia":[{"embeddable":true,"href":"https:\/\/nvnoticias.mx\/index.php\/wp-json\/wp\/v2\/media\/14554"}],"wp:attachment":[{"href":"https:\/\/nvnoticias.mx\/index.php\/wp-json\/wp\/v2\/media?parent=14553"}],"wp:term":[{"taxonomy":"category","embeddable":true,"href":"https:\/\/nvnoticias.mx\/index.php\/wp-json\/wp\/v2\/categories?post=14553"},{"taxonomy":"post_tag","embeddable":true,"href":"https:\/\/nvnoticias.mx\/index.php\/wp-json\/wp\/v2\/tags?post=14553"}],"curies":[{"name":"wp","href":"https:\/\/api.w.org\/{rel}","templated":true}]}}