{"id":145508,"date":"2024-04-08T09:02:45","date_gmt":"2024-04-08T15:02:45","guid":{"rendered":"https:\/\/nvnoticias.mx\/?p=145508"},"modified":"2024-04-08T09:02:47","modified_gmt":"2024-04-08T15:02:47","slug":"ninos-ninas-y-adolescentes-migrantes-viajando-solos-2","status":"publish","type":"post","link":"https:\/\/nvnoticias.mx\/index.php\/2024\/04\/08\/ninos-ninas-y-adolescentes-migrantes-viajando-solos-2\/","title":{"rendered":"Ni\u00f1os, ni\u00f1as y adolescentes migrantes viajando solos"},"content":{"rendered":"\n<p><strong>Gladys de L. P\u00e9rez Maldonado.<\/strong><\/p>\n\n\n\n<p>De acuerdo a la Comisi\u00f3n Econ\u00f3mica para Am\u00e9rica Latina y el Caribe (CEPAL), la migraci\u00f3n puede definirse de diferentes formas. La definici\u00f3n m\u00e1s aceptada en la actualidad indica que la migraci\u00f3n es el cambio de residencia que implica el traspaso de alg\u00fan l\u00edmite geogr\u00e1fico o administrativo debidamente definido.<\/p>\n\n\n\n<p>&nbsp;&nbsp;&nbsp;&nbsp;&nbsp;&nbsp;&nbsp;&nbsp;&nbsp;&nbsp;&nbsp; Si el l\u00edmite que se cruza es de car\u00e1cter internacional -frontera entre pa\u00edses-, la migraci\u00f3n pasa a denominarse \u2018migraci\u00f3n internacional\u2019. Si el l\u00edmite que se atraviesa corresponde a alg\u00fan tipo de demarcaci\u00f3n debidamente reconocida dentro de un pa\u00eds -entre divisiones administrativas, entre \u00e1rea urbana y rural- la migraci\u00f3n pasa a denominarse \u2018migraci\u00f3n interna\u2019.( <a href=\"http:\/\/www.cepal.org\">www.cepal.org<\/a>)<\/p>\n\n\n\n<p>&nbsp;&nbsp;&nbsp;&nbsp;&nbsp;&nbsp;&nbsp;&nbsp;&nbsp;&nbsp;&nbsp; Ahora bien, las personas somos historicidad y para conocer del tema migratorio en nuestro pa\u00eds debemos entender su evoluci\u00f3n hist\u00f3rica.<\/p>\n\n\n\n<p>&nbsp;&nbsp;&nbsp;&nbsp;&nbsp;&nbsp;&nbsp;&nbsp;&nbsp;&nbsp;&nbsp; Francisco Javier Ayvar Campos y Enrique Armas Ar\u00e9valo, ambos profesores investigadores de la Universidad Michoacana de San Nicol\u00e1s Hidalgo, del Instituto de Investigaciones Econ\u00f3micas y Empresariales, en el ensayo \u201cEl flujo migratorio en M\u00e9xico: Un an\u00e1lisis hist\u00f3rico a partir de indicadores socioecon\u00f3micos\u201d, publicado en la Revista CIMEXUS Vol. IX, No.2, 2014, se\u00f1alan que la evoluci\u00f3n del fen\u00f3meno migratorio entre M\u00e9xico y Estados Unidos se resume en cinco per\u00edodos como son: <em>\u201cLa era del enganche que se realiza desde sus inicios hasta 1929 con el auge de los ferrocarriles en Estados Unidos y la necesidad de mano de obra mexicana. La era de las deportaciones de 1929 a 1941, este per\u00edodo se caracteriza por la presencia de la crisis de 1929 en el sistema capitalista, lo que llev\u00f3 consigo la deportaci\u00f3n masiva de mexicanos. La migraci\u00f3n en la Segunda Guerra Mundial, con la participaci\u00f3n de los norteamericanos en este conflicto b\u00e9lico dejaron desabastecido de mano de obra a su econom\u00eda, lo que los llev\u00f3 a recurrir nuevamente de mano de obra extranjera, lo que en M\u00e9xico vendr\u00eda a ser representado por el \u2018programa bracero\u2019.<\/em><\/p>\n\n\n\n<p><em>La inmigraci\u00f3n indocumentada da inicio una vez concluido el programa bracero en 1965, en la cual los inmigrantes siguen cubriendo la demanda laboral, mientras que los empleadores explotan a los mexicanos pagando su trabajo a muy bajo costo y sin derechos sociales, aprobando el ingreso de mano de obra solamente por la v\u00eda de una visa de trabajo. Este per\u00edodo termina en 1986 cuando se llega a una reducci\u00f3n dr\u00e1stica del n\u00famero de mexicanos admisibles.<\/em><\/p>\n\n\n\n<p><em>El \u00faltimo per\u00edodo es el llamado \u2018la gran escisi\u00f3n\u2019 que comienza en 1986 con la aprobaci\u00f3n de la Ley de Reforma y Control de la Inmigraci\u00f3n, endureciendo las leyes en contra de los mexicanos, adem\u00e1s del reforzamiento de la vigilancia en los principales lugares de cruce de los mexicanos, llev\u00e1ndolos a trayectos m\u00e1s peligrosos. Es en esta misma etapa cuando se desarrolla la amnist\u00eda, donde miles de mexicanos logran cambiar sus estatus legal de indocumentado a naturalizado estadounidense y gozar de los beneficios que otorgaba ese pa\u00eds.\u201d.<\/em><\/p>\n\n\n\n<p>&nbsp;&nbsp;&nbsp;&nbsp;&nbsp;&nbsp;&nbsp;&nbsp;&nbsp;&nbsp;&nbsp; Lo cierto es que el tema de la migraci\u00f3n en M\u00e9xico ha asumido un rol protag\u00f3nico como pa\u00eds de tr\u00e1nsito y de destino a trav\u00e9s del crecimiento del flujo migratorio procedente primordialmente de Centroam\u00e9rica. Usualmente estos flujos han sido de hombres j\u00f3venes, sin embargo en los \u00faltimos a\u00f1os otros grupos sociales han destacado entre ellos, como son las familias y los ni\u00f1os, las ni\u00f1as y los adolescentes <em>(NNA)<\/em> sin acompa\u00f1amiento, como consecuencia de la precaria situaci\u00f3n econ\u00f3mica y de seguridad p\u00fablica en su pa\u00eds, entre otras.<\/p>\n\n\n\n<p>&nbsp;&nbsp;&nbsp;&nbsp;&nbsp;&nbsp;&nbsp;&nbsp;&nbsp;&nbsp;&nbsp; Pablo P\u00e9rez Akaki y Aide Mendoza Flores, en \u201cLa migraci\u00f3n infantil sin acompa\u00f1amiento en territorio mexicano: los riesgos, las respuestas oficiales y la Responsabilidad Social frente al fen\u00f3meno\u201d, publicado por la Universidad Anahuac M\u00e9xico <a href=\"https:\/\/doi.org\/10.366677\/hmigracion\">https:\/\/doi.org\/10.366677\/hmigracion<\/a> mencionan que la migraci\u00f3n de Centroamericanos no es nueva, pero si lo es en magnitud y en caracter\u00edsticas, destacando en la \u00faltima d\u00e9cada el caso de los&nbsp; ni\u00f1os, las ni\u00f1as y los adolescentes migrantes sin acompa\u00f1amiento que transitan por el territorio nacional en su deseo de llegar a Estados Unidos &nbsp;y abundan en se\u00f1alar que los factores de riesgo para menores de edad que viajan solos, en condici\u00f3n migratoria irregular son muy altos, ya sea que vayan en tr\u00e1nsito hacia los Estados Unidos, esperando el reconocimiento de la condici\u00f3n de refugiado en M\u00e9xico o <em>NNA<\/em> mexicanos deportados de los Estados Unidos.<\/p>\n\n\n\n<p>&nbsp;&nbsp;&nbsp;&nbsp;&nbsp;&nbsp;&nbsp;&nbsp;&nbsp;&nbsp;&nbsp; Las amenazas inminentes que enfrentan los <em>NNA<\/em> que viajan sin acompa\u00f1amiento o fueron que separados de ambos padres y que no est\u00e1n bajo el cuidado de un adulto que por ley o costumbre es responsable de hacerlo, son aquellas que atentan contra la integridad f\u00edsica, que afectan la salud mental, las relacionadas con la aceptaci\u00f3n de la comunidad, aquellas espec\u00edficas por raz\u00f3n de g\u00e9nero y las nuevas amenazas que han surgido por la pandemia del Covid-19.<\/p>\n\n\n\n<p>&nbsp;&nbsp;&nbsp;&nbsp;&nbsp;&nbsp;&nbsp;&nbsp;&nbsp;&nbsp;&nbsp; Estos <em>NNA<\/em> pueden llegar a ser sujetos de <em>trata<\/em> por parte del traficante o coyote que otorga el servicio contratado voluntariamente para transportarlos hasta su destino, pudiendo ser sujetos de secuestro o en otra circunstancia quedar a manos&nbsp; del crimen organizado, quienes aprovech\u00e1ndose de su situaci\u00f3n de vulnerabilidad les reclutan a las redes del sicariato, a la prostituci\u00f3n -infantil- forzada, al tr\u00e1fico de drogas, son explotados, extorsionados, secuestrados, torturados, violados y asesinados.<\/p>\n\n\n\n<p>&nbsp;&nbsp;&nbsp;&nbsp;&nbsp;&nbsp;&nbsp;&nbsp;&nbsp;&nbsp;&nbsp; No se puede dejar de mencionar que estos ni\u00f1os, ni\u00f1as y adolescentes que viajan solos, lo hacen por senderos clandestinos para evadir a la autoridad migratoria y evitar ser deportados a su pa\u00eds de origen.<\/p>\n\n\n\n<p>&nbsp;&nbsp;&nbsp;&nbsp;&nbsp;&nbsp;&nbsp;&nbsp;&nbsp;&nbsp;&nbsp; A lo largo de la ruta migratoria que proviene del sur de nuestro pa\u00eds y en los Estados fronterizos existen estaciones migratorias y diversos albergues tanto gubernamentales como de organizaciones de la sociedad civil que proveen alimentaci\u00f3n, alojamiento, salud y educaci\u00f3n a este sector de atenci\u00f3n prioritaria, no obstante, llegan a ser verdaderos centros de detenci\u00f3n, pues no les permiten salir y entrar libremente hasta que su situaci\u00f3n migratoria se legalice, aunado a que no pueden permanecer \u201cdetenidos\u201d m\u00e1s de 24 horas, lapso que normalmente excede en demas\u00eda, lo que vulnera tajantemente los derechos de los <em>NNA,<\/em> pues no se respeta el <em>Inter\u00e9s Superior del Ni\u00f1o<\/em>, ya que legalmente no pueden ser restringidos de su libertad personal al contravenir la m\u00faltiple legislaci\u00f3n nacional e internacional de protecci\u00f3n a los <em>Derechos de los Ni\u00f1os, las Ni\u00f1as y Adolescentes <\/em>que en otra emisi\u00f3n analizaremos a detalle.<\/p>\n\n\n\n<p>&nbsp;&nbsp;&nbsp;&nbsp;&nbsp;&nbsp;&nbsp;&nbsp;&nbsp;&nbsp;&nbsp; La cifra exacta de menores que viajan solos no se sabe, debido a que ellos mismos se esconden y evaden la ayuda humanitaria que probablemente pudieran obtener, para no ser detenidos y deportados a sus pa\u00edses y quiz\u00e1s de esa manera lograr reunirse con sus familiares en los Estados Unidos u obtener el asilo mexicano.<\/p>\n\n\n\n<p>&nbsp;&nbsp;&nbsp;&nbsp;&nbsp;&nbsp;&nbsp;&nbsp;&nbsp;&nbsp;&nbsp; <em>Alguien como t\u00fa <\/em>alza la voz desde esta trinchera para que los pa\u00edses involucrados en este fen\u00f3meno migratorio dejen el discurso a un lado y aterricen en los hechos con pol\u00edticas p\u00fablicas que protejan en sus derechos humanos de manera real a estas personas indefensas y discriminadas por su origen, su edad y condici\u00f3n migratoria\u2026<\/p>\n","protected":false},"excerpt":{"rendered":"<p>Gladys de L. P\u00e9rez Maldonado. De acuerdo a la Comisi\u00f3n Econ\u00f3mica para Am\u00e9rica Latina y el Caribe (CEPAL), la migraci\u00f3n puede definirse de diferentes formas. La definici\u00f3n m\u00e1s aceptada en la actualidad indica que la migraci\u00f3n es el cambio de residencia que implica el traspaso de alg\u00fan l\u00edmite geogr\u00e1fico o administrativo debidamente definido. &nbsp;&nbsp;&nbsp;&nbsp;&nbsp;&nbsp;&nbsp;&nbsp;&nbsp;&nbsp;&nbsp; Si [&hellip;]<\/p>\n","protected":false},"author":45,"featured_media":23382,"comment_status":"open","ping_status":"open","sticky":false,"template":"","format":"standard","meta":{"_monsterinsights_skip_tracking":false,"_monsterinsights_sitenote_active":false,"_monsterinsights_sitenote_note":"","_monsterinsights_sitenote_category":0,"footnotes":""},"categories":[15405],"tags":[15415],"class_list":["post-145508","post","type-post","status-publish","format-standard","has-post-thumbnail","hentry","category-alguien-como-tu","tag-gladys-perez-maldonado","wp-image-borders"],"amp_enabled":true,"_links":{"self":[{"href":"https:\/\/nvnoticias.mx\/index.php\/wp-json\/wp\/v2\/posts\/145508","targetHints":{"allow":["GET"]}}],"collection":[{"href":"https:\/\/nvnoticias.mx\/index.php\/wp-json\/wp\/v2\/posts"}],"about":[{"href":"https:\/\/nvnoticias.mx\/index.php\/wp-json\/wp\/v2\/types\/post"}],"author":[{"embeddable":true,"href":"https:\/\/nvnoticias.mx\/index.php\/wp-json\/wp\/v2\/users\/45"}],"replies":[{"embeddable":true,"href":"https:\/\/nvnoticias.mx\/index.php\/wp-json\/wp\/v2\/comments?post=145508"}],"version-history":[{"count":1,"href":"https:\/\/nvnoticias.mx\/index.php\/wp-json\/wp\/v2\/posts\/145508\/revisions"}],"predecessor-version":[{"id":145509,"href":"https:\/\/nvnoticias.mx\/index.php\/wp-json\/wp\/v2\/posts\/145508\/revisions\/145509"}],"wp:featuredmedia":[{"embeddable":true,"href":"https:\/\/nvnoticias.mx\/index.php\/wp-json\/wp\/v2\/media\/23382"}],"wp:attachment":[{"href":"https:\/\/nvnoticias.mx\/index.php\/wp-json\/wp\/v2\/media?parent=145508"}],"wp:term":[{"taxonomy":"category","embeddable":true,"href":"https:\/\/nvnoticias.mx\/index.php\/wp-json\/wp\/v2\/categories?post=145508"},{"taxonomy":"post_tag","embeddable":true,"href":"https:\/\/nvnoticias.mx\/index.php\/wp-json\/wp\/v2\/tags?post=145508"}],"curies":[{"name":"wp","href":"https:\/\/api.w.org\/{rel}","templated":true}]}}