{"id":145434,"date":"2024-04-07T14:30:08","date_gmt":"2024-04-07T20:30:08","guid":{"rendered":"https:\/\/nvnoticias.mx\/?p=145434"},"modified":"2024-04-07T14:30:10","modified_gmt":"2024-04-07T20:30:10","slug":"pide-obispo-no-creer-en-mitos-sobre-el-eclipse-solar","status":"publish","type":"post","link":"https:\/\/nvnoticias.mx\/index.php\/2024\/04\/07\/pide-obispo-no-creer-en-mitos-sobre-el-eclipse-solar\/","title":{"rendered":"Pide obispo no creer en mitos sobre el eclipse solar"},"content":{"rendered":"\n<p><strong>Jes\u00fas Utrilla | NV Noticias<\/strong><\/p>\n\n\n\n<p>El eclipse solar no es un castigo de Dios. El obispo de Veracruz, Carlos Brise\u00f1o Arch. Pidi\u00f3 no creer en mitos, y disfrutar del fen\u00f3meno natural que se presentar\u00e1 este lunes a partir de las 10 de la ma\u00f1ana, con cobertura total a las 12 del d\u00eda.<\/p>\n\n\n\n<p>Se\u00f1al\u00f3 que el eclipse es un fen\u00f3meno natural, lejos de cualquier connotaci\u00f3n apocal\u00edptica o castigo divino.<\/p>\n\n\n\n<p>En medio de especulaciones y rumores sobre el fin de los tiempos o presuntos castigos divinos, el obispo Brise\u00f1o Arch enfatiz\u00f3 que &#8220;nunca vendr\u00e1 de Dios el sembrar temor e incertidumbre a las personas&#8221;.<\/p>\n\n\n\n<p>Por el contrario, subray\u00f3 la importancia de fomentar el amor, la reconciliaci\u00f3n y la tranquilidad en tiempos de incertidumbre.<\/p>\n\n\n\n<p>Exhort\u00f3 a la comunidad a desestimar los supuestos castigos, maldiciones o la llegada de tres d\u00edas de oscuridad asociados al eclipse, y a vivir el fen\u00f3meno como una realidad cient\u00edfica que ocurre peri\u00f3dicamente en el universo.<\/p>\n\n\n\n<blockquote class=\"wp-block-quote is-layout-flow wp-block-quote-is-layout-flow\">\n<p>&#8220;No hay nada de castigo, de maldici\u00f3n, cosas de ese tipo no vienen de Dios, precisamente Dios lo que env\u00eda es un mensaje de amor&#8221;.<\/p>\n<\/blockquote>\n\n\n\n<p>En sinton\u00eda con el mensaje de la Iglesia Cat\u00f3lica, este domingo se celebra la misericordia de Dios, un recordatorio de reconciliaci\u00f3n en un mundo marcado por la desesperanza y los desaf\u00edos sociales.<\/p>\n\n\n\n<blockquote class=\"wp-block-quote is-layout-flow wp-block-quote-is-layout-flow\">\n<p>\u201cHoy precisamente se nos habla de la reconciliaci\u00f3n en un mundo donde vivimos mucha negatividad a nuestro alrededor&#8221;, se\u00f1al\u00f3 el ministro de la iglesia cat\u00f3lica.<\/p>\n<\/blockquote>\n\n\n\n<p>El eclipse solar, seg\u00fan el obispo, es un fen\u00f3meno natural ajeno a cuestiones de fe, por lo que hablar de castigos solo genera temor innecesario entre la poblaci\u00f3n. En un pa\u00eds ya afectado por la inseguridad y la violencia, la Iglesia enfatiza la importancia de promover mensajes de reconciliaci\u00f3n y solidaridad.<\/p>\n","protected":false},"excerpt":{"rendered":"<p>Jes\u00fas Utrilla | NV Noticias El eclipse solar no es un castigo de Dios. El obispo de Veracruz, Carlos Brise\u00f1o Arch. Pidi\u00f3 no creer en mitos, y disfrutar del fen\u00f3meno natural que se presentar\u00e1 este lunes a partir de las 10 de la ma\u00f1ana, con cobertura total a las 12 del d\u00eda. Se\u00f1al\u00f3 que el [&hellip;]<\/p>\n","protected":false},"author":35,"featured_media":32974,"comment_status":"open","ping_status":"open","sticky":false,"template":"","format":"standard","meta":{"_monsterinsights_skip_tracking":false,"_monsterinsights_sitenote_active":false,"_monsterinsights_sitenote_note":"","_monsterinsights_sitenote_category":0,"footnotes":""},"categories":[154],"tags":[27806,20706],"class_list":["post-145434","post","type-post","status-publish","format-standard","has-post-thumbnail","hentry","category-veracruz","tag-eclipse-solar","tag-obispos","wp-image-borders"],"amp_enabled":true,"_links":{"self":[{"href":"https:\/\/nvnoticias.mx\/index.php\/wp-json\/wp\/v2\/posts\/145434","targetHints":{"allow":["GET"]}}],"collection":[{"href":"https:\/\/nvnoticias.mx\/index.php\/wp-json\/wp\/v2\/posts"}],"about":[{"href":"https:\/\/nvnoticias.mx\/index.php\/wp-json\/wp\/v2\/types\/post"}],"author":[{"embeddable":true,"href":"https:\/\/nvnoticias.mx\/index.php\/wp-json\/wp\/v2\/users\/35"}],"replies":[{"embeddable":true,"href":"https:\/\/nvnoticias.mx\/index.php\/wp-json\/wp\/v2\/comments?post=145434"}],"version-history":[{"count":1,"href":"https:\/\/nvnoticias.mx\/index.php\/wp-json\/wp\/v2\/posts\/145434\/revisions"}],"predecessor-version":[{"id":145435,"href":"https:\/\/nvnoticias.mx\/index.php\/wp-json\/wp\/v2\/posts\/145434\/revisions\/145435"}],"wp:featuredmedia":[{"embeddable":true,"href":"https:\/\/nvnoticias.mx\/index.php\/wp-json\/wp\/v2\/media\/32974"}],"wp:attachment":[{"href":"https:\/\/nvnoticias.mx\/index.php\/wp-json\/wp\/v2\/media?parent=145434"}],"wp:term":[{"taxonomy":"category","embeddable":true,"href":"https:\/\/nvnoticias.mx\/index.php\/wp-json\/wp\/v2\/categories?post=145434"},{"taxonomy":"post_tag","embeddable":true,"href":"https:\/\/nvnoticias.mx\/index.php\/wp-json\/wp\/v2\/tags?post=145434"}],"curies":[{"name":"wp","href":"https:\/\/api.w.org\/{rel}","templated":true}]}}