{"id":145306,"date":"2024-04-05T16:05:48","date_gmt":"2024-04-05T22:05:48","guid":{"rendered":"https:\/\/nvnoticias.mx\/?p=145306"},"modified":"2024-04-05T16:05:50","modified_gmt":"2024-04-05T22:05:50","slug":"el-programa-de-caminos-artesanales-para-las-comunidades-se-implementara-en-todo-el-territorio-veracruzano-rocio-nahle","status":"publish","type":"post","link":"https:\/\/nvnoticias.mx\/index.php\/2024\/04\/05\/el-programa-de-caminos-artesanales-para-las-comunidades-se-implementara-en-todo-el-territorio-veracruzano-rocio-nahle\/","title":{"rendered":"El programa de caminos artesanales para las comunidades se implementar\u00e1 en todo el territorio veracruzano: Roc\u00edo Nahle"},"content":{"rendered":"\n<p>El programa de caminos artesanales establecido en el compromiso n\u00famero 24 de mi programa de trabajo, se instaurar\u00e1 en mi administraci\u00f3n y aterrizar\u00e1 en las m\u00e1s de 20 mil comunidades que existen en el estado y que lo requieran, asegur\u00f3 la candidata a la gubernatura por la coalici\u00f3n \u201cSigamos haciendo historia en Veracruz\u201d, Roc\u00edo Nahle Garc\u00eda.<\/p>\n\n\n\n<p>La candidata de Morena, PT, PVEM y Fuerza por M\u00e9xico, en su asamblea de este viernes, detall\u00f3 que ya son 120 municipios recorridos en este proceso electoral donde ha llevado a cada rinc\u00f3n de Veracruz el reporte del trabajo que ha hecho el gobierno de la Cuarta Transformaci\u00f3n y las 80 propuestas que sustentadas en 8 ejes, llevar\u00e1 a cabo su gobierno al frente del Estado en el periodo 2024-2030.<\/p>\n\n\n\n<blockquote class=\"wp-block-quote is-layout-flow wp-block-quote-is-layout-flow\">\n<p>\u201cEn todos, en todos los municipios que he ido, Veracruz tiene m\u00e1s de 20 mil comunidades, en todas me piden caminos y s\u00ed vamos a hacer, este de cinco kil\u00f3metros, aqu\u00ed me comprometo se va a hacer el de TEZONAPA, se va a hacer porque necesitamos movilidad y ayudar a sacar los productos. Es parte y es un tema pendiente pero vamos a instaurar otro programa excelente y aqu\u00ed a mi me gusta siempre preguntar sobre caminos artesanales\u201d, subray\u00f3.<\/p>\n<\/blockquote>\n\n\n\n<p>Hizo hincapi\u00e9 sobre esta, una de sus propuestas en materia de infraestructura, al mencionar que nuestro Estado tiene m\u00e1s de 20 mil comunidades por lo que para mejorar la movilizaci\u00f3n de los ciudadanos y de la carga de productos que cultivan y cosechan, se habilitar\u00e1 el programa de caminos vecinales.<\/p>\n\n\n\n<p>Por lo anterior, se\u00f1al\u00f3 que en coordinaci\u00f3n con la futura presidenta de la Rep\u00fablica Claudia Sheinbaum y como gobernadora de Veracruz, implementar\u00e1 desde el primer a\u00f1o esta estrategia para todas las comunidades rurales.<\/p>\n\n\n\n<p>Esta estrategia consiste en que la propia comunidad organizada construya sus accesos con calidad, y el gobierno los apoye con la entrega directa del recurso a un comit\u00e9 de habitantes para que la poblaci\u00f3n lo administre, adem\u00e1s, el estado les otorgar\u00e1 la asesor\u00eda t\u00e9cnica.<\/p>\n\n\n\n<blockquote class=\"wp-block-quote is-layout-flow wp-block-quote-is-layout-flow\">\n<p>\u201cEs para comunidades, se forma un comit\u00e9 en la comunidad de 10 personas, ellos lo forman, el estado les da asesor\u00eda les dice c\u00f3mo se va a armar y el gobierno le da el dinero al comit\u00e9\u201d, dijo.<\/p>\n<\/blockquote>\n\n\n\n<p>Este, indic\u00f3, ha sido uno de los programas m\u00e1s exitosos del presidente Andr\u00e9s Manuel L\u00f3pez Obrador quien en estos cinco a\u00f1os ha construido m\u00e1s de 4 mil kil\u00f3metros.<\/p>\n\n\n\n<blockquote class=\"wp-block-quote is-layout-flow wp-block-quote-is-layout-flow\">\n<p>\u201cAqu\u00ed en Veracruz hay diferentes zonas donde ya se ha aplicado este programa y ha sido exitoso en comunidades de Misantla, la Sierra del Totonacapan y comunidades del sur. Por ello dijo que la zona de las altas monta\u00f1as y las dem\u00e1s sierras que nos caracterizan en nuestro hermoso territorio programaremos este grandioso proyecto\u201d, expres\u00f3.<\/p>\n<\/blockquote>\n\n\n\n<p>Para finalizar, expres\u00f3 que su gobierno ser\u00e1 de construcci\u00f3n: construcci\u00f3n de infraestructura, construcci\u00f3n de valores, construcci\u00f3n de hermandad y de respeto.<\/p>\n","protected":false},"excerpt":{"rendered":"<p>El programa de caminos artesanales establecido en el compromiso n\u00famero 24 de mi programa de trabajo, se instaurar\u00e1 en mi administraci\u00f3n y aterrizar\u00e1 en las m\u00e1s de 20 mil comunidades que existen en el estado y que lo requieran, asegur\u00f3 la candidata a la gubernatura por la coalici\u00f3n \u201cSigamos haciendo historia en Veracruz\u201d, Roc\u00edo Nahle [&hellip;]<\/p>\n","protected":false},"author":35,"featured_media":145307,"comment_status":"open","ping_status":"open","sticky":false,"template":"","format":"standard","meta":{"_monsterinsights_skip_tracking":false,"_monsterinsights_sitenote_active":false,"_monsterinsights_sitenote_note":"","_monsterinsights_sitenote_category":0,"footnotes":""},"categories":[154],"tags":[29816,1594],"class_list":["post-145306","post","type-post","status-publish","format-standard","has-post-thumbnail","hentry","category-veracruz","tag-caminos-artesanales","tag-rocio-nahle","wp-image-borders"],"amp_enabled":true,"_links":{"self":[{"href":"https:\/\/nvnoticias.mx\/index.php\/wp-json\/wp\/v2\/posts\/145306","targetHints":{"allow":["GET"]}}],"collection":[{"href":"https:\/\/nvnoticias.mx\/index.php\/wp-json\/wp\/v2\/posts"}],"about":[{"href":"https:\/\/nvnoticias.mx\/index.php\/wp-json\/wp\/v2\/types\/post"}],"author":[{"embeddable":true,"href":"https:\/\/nvnoticias.mx\/index.php\/wp-json\/wp\/v2\/users\/35"}],"replies":[{"embeddable":true,"href":"https:\/\/nvnoticias.mx\/index.php\/wp-json\/wp\/v2\/comments?post=145306"}],"version-history":[{"count":1,"href":"https:\/\/nvnoticias.mx\/index.php\/wp-json\/wp\/v2\/posts\/145306\/revisions"}],"predecessor-version":[{"id":145308,"href":"https:\/\/nvnoticias.mx\/index.php\/wp-json\/wp\/v2\/posts\/145306\/revisions\/145308"}],"wp:featuredmedia":[{"embeddable":true,"href":"https:\/\/nvnoticias.mx\/index.php\/wp-json\/wp\/v2\/media\/145307"}],"wp:attachment":[{"href":"https:\/\/nvnoticias.mx\/index.php\/wp-json\/wp\/v2\/media?parent=145306"}],"wp:term":[{"taxonomy":"category","embeddable":true,"href":"https:\/\/nvnoticias.mx\/index.php\/wp-json\/wp\/v2\/categories?post=145306"},{"taxonomy":"post_tag","embeddable":true,"href":"https:\/\/nvnoticias.mx\/index.php\/wp-json\/wp\/v2\/tags?post=145306"}],"curies":[{"name":"wp","href":"https:\/\/api.w.org\/{rel}","templated":true}]}}