{"id":145243,"date":"2024-04-05T10:45:09","date_gmt":"2024-04-05T16:45:09","guid":{"rendered":"https:\/\/nvnoticias.mx\/?p=145243"},"modified":"2024-04-05T10:45:10","modified_gmt":"2024-04-05T16:45:10","slug":"blink-182-cancela-conciertos-de-hoy-y-manana-en-la-cdmx","status":"publish","type":"post","link":"https:\/\/nvnoticias.mx\/index.php\/2024\/04\/05\/blink-182-cancela-conciertos-de-hoy-y-manana-en-la-cdmx\/","title":{"rendered":"Blink-182 cancela conciertos de hoy y ma\u00f1ana en la CDMX"},"content":{"rendered":"\n<p>La banda de punk estadounidense&nbsp;<strong>Blink-182&nbsp;<\/strong>inform\u00f3 que por&nbsp;<strong>cuestiones de salud<\/strong>&nbsp;se suspenden los conciertos que ten\u00edan programados para hoy 5 de abril y ma\u00f1ana 6 de abril en el&nbsp;<strong>Palacio de los Deportes&nbsp;<\/strong>en la Ciudad de M\u00e9xico por motivos de salud.<\/p>\n\n\n\n<p>La agrupaci\u00f3n\u00a0s\u00f3lo ofreci\u00f3 el primer concierto con el que marcaron su regreso a la capital mexicana tras 20 a\u00f1os de ausencia, sin embargo, cancelaron su show del 3 de abril, y ahora se confirma la cancelaci\u00f3n del resto de presentaciones programadas.<\/p>\n\n\n\n<p>A pesar de que\u00a0Mark Hoppus, quien padece bronquitis, expres\u00f3 que su deseo por estar listo y poder ofrecer los shows prometidos, esto no fue posible.<\/p>\n\n\n\n<p>El reembolso de los boletos adquiridos en l\u00ednea se har\u00e1 de manera autom\u00e1tica, mientras que aquellos que compraron sus accesos en taquilla o centros Ticketmaster, podr\u00e1n solicitarlo a partir del pr\u00f3ximo 8 de abril.<\/p>\n\n\n\n<h2 class=\"wp-block-heading\"><\/h2>\n\n\n\n<p>Fuente: <a href=\"https:\/\/www.eluniversal.com.mx\/espectaculos\/blink-182-cancela-conciertos-de-hoy-y-manana-en-la-cdmx\/\" data-type=\"link\" data-id=\"https:\/\/www.eluniversal.com.mx\/espectaculos\/blink-182-cancela-conciertos-de-hoy-y-manana-en-la-cdmx\/\">El Universal<\/a> <\/p>\n","protected":false},"excerpt":{"rendered":"<p>La banda de punk estadounidense&nbsp;Blink-182&nbsp;inform\u00f3 que por&nbsp;cuestiones de salud&nbsp;se suspenden los conciertos que ten\u00edan programados para hoy 5 de abril y ma\u00f1ana 6 de abril en el&nbsp;Palacio de los Deportes&nbsp;en la Ciudad de M\u00e9xico por motivos de salud. La agrupaci\u00f3n\u00a0s\u00f3lo ofreci\u00f3 el primer concierto con el que marcaron su regreso a la capital mexicana tras [&hellip;]<\/p>\n","protected":false},"author":35,"featured_media":145247,"comment_status":"open","ping_status":"open","sticky":false,"template":"","format":"standard","meta":{"_monsterinsights_skip_tracking":false,"_monsterinsights_sitenote_active":false,"_monsterinsights_sitenote_note":"","_monsterinsights_sitenote_category":0,"footnotes":""},"categories":[576],"tags":[23505,7561,307,8850],"class_list":["post-145243","post","type-post","status-publish","format-standard","has-post-thumbnail","hentry","category-ocio","tag-blink-182-2","tag-cancela","tag-cdmx","tag-conciertos","wp-image-borders"],"amp_enabled":true,"_links":{"self":[{"href":"https:\/\/nvnoticias.mx\/index.php\/wp-json\/wp\/v2\/posts\/145243","targetHints":{"allow":["GET"]}}],"collection":[{"href":"https:\/\/nvnoticias.mx\/index.php\/wp-json\/wp\/v2\/posts"}],"about":[{"href":"https:\/\/nvnoticias.mx\/index.php\/wp-json\/wp\/v2\/types\/post"}],"author":[{"embeddable":true,"href":"https:\/\/nvnoticias.mx\/index.php\/wp-json\/wp\/v2\/users\/35"}],"replies":[{"embeddable":true,"href":"https:\/\/nvnoticias.mx\/index.php\/wp-json\/wp\/v2\/comments?post=145243"}],"version-history":[{"count":3,"href":"https:\/\/nvnoticias.mx\/index.php\/wp-json\/wp\/v2\/posts\/145243\/revisions"}],"predecessor-version":[{"id":145246,"href":"https:\/\/nvnoticias.mx\/index.php\/wp-json\/wp\/v2\/posts\/145243\/revisions\/145246"}],"wp:featuredmedia":[{"embeddable":true,"href":"https:\/\/nvnoticias.mx\/index.php\/wp-json\/wp\/v2\/media\/145247"}],"wp:attachment":[{"href":"https:\/\/nvnoticias.mx\/index.php\/wp-json\/wp\/v2\/media?parent=145243"}],"wp:term":[{"taxonomy":"category","embeddable":true,"href":"https:\/\/nvnoticias.mx\/index.php\/wp-json\/wp\/v2\/categories?post=145243"},{"taxonomy":"post_tag","embeddable":true,"href":"https:\/\/nvnoticias.mx\/index.php\/wp-json\/wp\/v2\/tags?post=145243"}],"curies":[{"name":"wp","href":"https:\/\/api.w.org\/{rel}","templated":true}]}}