{"id":14504,"date":"2021-05-28T09:16:01","date_gmt":"2021-05-28T14:16:01","guid":{"rendered":"https:\/\/nvnoticias.mx\/?p=14504"},"modified":"2021-05-28T09:16:03","modified_gmt":"2021-05-28T14:16:03","slug":"anuncian-fecha-de-vacunacion-para-personas-de-40-a-49-anos-en-veracruz","status":"publish","type":"post","link":"https:\/\/nvnoticias.mx\/index.php\/2021\/05\/28\/anuncian-fecha-de-vacunacion-para-personas-de-40-a-49-anos-en-veracruz\/","title":{"rendered":"Anuncian fecha de vacunaci\u00f3n para personas de 40 a 49 a\u00f1os en Veracruz"},"content":{"rendered":"\n<p><strong>NV Noticias<\/strong><\/p>\n\n\n\n<p>El delegado del gobierno federal, Manuel Huerta Ladr\u00f3n de Guevara, inform\u00f3\u00a0que con los macrocentros de vacunaci\u00f3n han acelerado la vacunaci\u00f3n de las personas de 50 a 59 a\u00f1os, por lo que esperan iniciar la inmunizaci\u00f3n a adultos de 40 a 49 a\u00f1os en la segunda semana de junio.<\/p>\n\n\n\n<p>Estim\u00f3 que la vacunaci\u00f3n iniciar\u00e1 el 7 de junio, en macrocentros que est\u00e1n por anunciar en los pr\u00f3ximos d\u00edas.<\/p>\n\n\n\n<p>Se\u00f1al\u00f3 que en el rango de 50 a 59 a\u00f1os suman unos 900 mil registrados, pero en el sector de 40 a 49 a\u00fan no tienen una cifra aproximada.<\/p>\n\n\n\n<p>Dijo que todo depender\u00e1 de las indicaciones a nivel nacional y la disponibilidad de las vacunas.<\/p>\n\n\n\n<p>Fuente: XEU <\/p>\n","protected":false},"excerpt":{"rendered":"<p>NV Noticias El delegado del gobierno federal, Manuel Huerta Ladr\u00f3n de Guevara, inform\u00f3\u00a0que con los macrocentros de vacunaci\u00f3n han acelerado la vacunaci\u00f3n de las personas de 50 a 59 a\u00f1os, por lo que esperan iniciar la inmunizaci\u00f3n a adultos de 40 a 49 a\u00f1os en la segunda semana de junio. Estim\u00f3 que la vacunaci\u00f3n iniciar\u00e1 [&hellip;]<\/p>\n","protected":false},"author":6,"featured_media":8145,"comment_status":"open","ping_status":"open","sticky":false,"template":"","format":"standard","meta":{"_monsterinsights_skip_tracking":false,"_monsterinsights_sitenote_active":false,"_monsterinsights_sitenote_note":"","_monsterinsights_sitenote_category":0,"footnotes":""},"categories":[154],"tags":[4020,4019,162,809],"class_list":["post-14504","post","type-post","status-publish","format-standard","has-post-thumbnail","hentry","category-veracruz","tag-fecha","tag-personas-40-anos","tag-portada","tag-vacunacion","wp-image-borders"],"amp_enabled":true,"_links":{"self":[{"href":"https:\/\/nvnoticias.mx\/index.php\/wp-json\/wp\/v2\/posts\/14504","targetHints":{"allow":["GET"]}}],"collection":[{"href":"https:\/\/nvnoticias.mx\/index.php\/wp-json\/wp\/v2\/posts"}],"about":[{"href":"https:\/\/nvnoticias.mx\/index.php\/wp-json\/wp\/v2\/types\/post"}],"author":[{"embeddable":true,"href":"https:\/\/nvnoticias.mx\/index.php\/wp-json\/wp\/v2\/users\/6"}],"replies":[{"embeddable":true,"href":"https:\/\/nvnoticias.mx\/index.php\/wp-json\/wp\/v2\/comments?post=14504"}],"version-history":[{"count":1,"href":"https:\/\/nvnoticias.mx\/index.php\/wp-json\/wp\/v2\/posts\/14504\/revisions"}],"predecessor-version":[{"id":14505,"href":"https:\/\/nvnoticias.mx\/index.php\/wp-json\/wp\/v2\/posts\/14504\/revisions\/14505"}],"wp:featuredmedia":[{"embeddable":true,"href":"https:\/\/nvnoticias.mx\/index.php\/wp-json\/wp\/v2\/media\/8145"}],"wp:attachment":[{"href":"https:\/\/nvnoticias.mx\/index.php\/wp-json\/wp\/v2\/media?parent=14504"}],"wp:term":[{"taxonomy":"category","embeddable":true,"href":"https:\/\/nvnoticias.mx\/index.php\/wp-json\/wp\/v2\/categories?post=14504"},{"taxonomy":"post_tag","embeddable":true,"href":"https:\/\/nvnoticias.mx\/index.php\/wp-json\/wp\/v2\/tags?post=14504"}],"curies":[{"name":"wp","href":"https:\/\/api.w.org\/{rel}","templated":true}]}}