{"id":144966,"date":"2024-04-03T10:43:38","date_gmt":"2024-04-03T16:43:38","guid":{"rendered":"https:\/\/nvnoticias.mx\/?p=144966"},"modified":"2024-04-03T10:43:40","modified_gmt":"2024-04-03T16:43:40","slug":"amlo-responde-a-salinas-pliego","status":"publish","type":"post","link":"https:\/\/nvnoticias.mx\/index.php\/2024\/04\/03\/amlo-responde-a-salinas-pliego\/","title":{"rendered":"AMLO responde a Salinas Pliego"},"content":{"rendered":"\n<p>Luego que el empresario&nbsp;<strong>Ricardo Salinas Pliego<\/strong>&nbsp;lo se\u00f1alara de que \u201c<strong>le sac\u00f3 la vuelta<\/strong>\u201d y quien pidi\u00f3 que le ofrezca una&nbsp;<strong>disculpa p\u00fablica<\/strong>&nbsp;tras rechazar su propuesta de entrevistarlo, el&nbsp;<strong>presidente Andr\u00e9s Manuel L\u00f3pez Obrador&nbsp;<\/strong>advirti\u00f3 que<strong>&nbsp;no se enganchar\u00e1&nbsp;<\/strong>en ese tema y&nbsp;<strong>no caer\u00e1 en provocaciones.<\/strong><\/p>\n\n\n\n<p>A pregunta expresa en su conferencia de prensa, el Mandatario federal asegur\u00f3 que lleva tiempo luchando y que es \u201ccorredor de obst\u00e1culos\u201d.<\/p>\n\n\n\n<blockquote class=\"wp-block-quote is-layout-flow wp-block-quote-is-layout-flow\">\n<p>\u201cNo voy a engancharme en eso. No, no, no. \u00a1Zafo! como dicen los j\u00f3venes, Es muy claro, tenemos diferencias en lo pol\u00edtico y en lo ideol\u00f3gico, tenemos dos proyectos distintos, y contrapuestos de naci\u00f3n, de manera de pensar y de ser distintas, que eso es lo m\u00e1s normal. Siempre lo hemos dicho aqu\u00ed.<\/p>\n<\/blockquote>\n\n\n\n<blockquote class=\"wp-block-quote is-layout-flow wp-block-quote-is-layout-flow\">\n<p>\u201cQue le saqu\u00e9 la vuelta, s\u00ed, s\u00ed, porque no voy a caer ninguna provocaci\u00f3n de nada. Llevo tiempo luchando y brincando obst\u00e1culos, soy corredor de obst\u00e1culos, y me ponen uno lo brinco. Y ya por eso, me voy a jubilar, y siempre he evadido el acoso, siempre, no todo es nada personal\u201d.<\/p>\n<\/blockquote>\n\n\n\n<p>En Palacio Nacional, el Mandatario federal destac\u00f3 que el asunto con Ricardo Salinas Pliego, sobre el pago de sus deudas con el fisco, tiene que ver con el presupuesto p\u00fablico, y que \u00e9l es \u201cguardi\u00e1n de los dineros del pueblo\u201d.<\/p>\n\n\n\n<p>En este sentido, llam\u00f3 a las autoridades judiciales, magistrados y ministros del Poder Judicial a que resuelva los 17 juicios \u201cy ya despu\u00e9s hablamos\u201d.<\/p>\n\n\n\n<p>Fuente:<a href=\"https:\/\/www.eluniversal.com.mx\/nacion\/no-voy-a-caer-en-provocaciones-amlo-responde-a-salinas-pliego-zafo\/\" data-type=\"link\" data-id=\"https:\/\/www.eluniversal.com.mx\/nacion\/no-voy-a-caer-en-provocaciones-amlo-responde-a-salinas-pliego-zafo\/\"> El Universal<\/a> <\/p>\n","protected":false},"excerpt":{"rendered":"<p>Luego que el empresario&nbsp;Ricardo Salinas Pliego&nbsp;lo se\u00f1alara de que \u201cle sac\u00f3 la vuelta\u201d y quien pidi\u00f3 que le ofrezca una&nbsp;disculpa p\u00fablica&nbsp;tras rechazar su propuesta de entrevistarlo, el&nbsp;presidente Andr\u00e9s Manuel L\u00f3pez Obrador&nbsp;advirti\u00f3 que&nbsp;no se enganchar\u00e1&nbsp;en ese tema y&nbsp;no caer\u00e1 en provocaciones. A pregunta expresa en su conferencia de prensa, el Mandatario federal asegur\u00f3 que lleva tiempo [&hellip;]<\/p>\n","protected":false},"author":35,"featured_media":141465,"comment_status":"open","ping_status":"open","sticky":false,"template":"","format":"standard","meta":{"_monsterinsights_skip_tracking":false,"_monsterinsights_sitenote_active":false,"_monsterinsights_sitenote_note":"","_monsterinsights_sitenote_category":0,"footnotes":""},"categories":[157],"tags":[188,9477,8572],"class_list":["post-144966","post","type-post","status-publish","format-standard","has-post-thumbnail","hentry","category-nacional","tag-amlo","tag-responde","tag-ricardo-salinas-pliego","wp-image-borders"],"amp_enabled":true,"_links":{"self":[{"href":"https:\/\/nvnoticias.mx\/index.php\/wp-json\/wp\/v2\/posts\/144966","targetHints":{"allow":["GET"]}}],"collection":[{"href":"https:\/\/nvnoticias.mx\/index.php\/wp-json\/wp\/v2\/posts"}],"about":[{"href":"https:\/\/nvnoticias.mx\/index.php\/wp-json\/wp\/v2\/types\/post"}],"author":[{"embeddable":true,"href":"https:\/\/nvnoticias.mx\/index.php\/wp-json\/wp\/v2\/users\/35"}],"replies":[{"embeddable":true,"href":"https:\/\/nvnoticias.mx\/index.php\/wp-json\/wp\/v2\/comments?post=144966"}],"version-history":[{"count":3,"href":"https:\/\/nvnoticias.mx\/index.php\/wp-json\/wp\/v2\/posts\/144966\/revisions"}],"predecessor-version":[{"id":144969,"href":"https:\/\/nvnoticias.mx\/index.php\/wp-json\/wp\/v2\/posts\/144966\/revisions\/144969"}],"wp:featuredmedia":[{"embeddable":true,"href":"https:\/\/nvnoticias.mx\/index.php\/wp-json\/wp\/v2\/media\/141465"}],"wp:attachment":[{"href":"https:\/\/nvnoticias.mx\/index.php\/wp-json\/wp\/v2\/media?parent=144966"}],"wp:term":[{"taxonomy":"category","embeddable":true,"href":"https:\/\/nvnoticias.mx\/index.php\/wp-json\/wp\/v2\/categories?post=144966"},{"taxonomy":"post_tag","embeddable":true,"href":"https:\/\/nvnoticias.mx\/index.php\/wp-json\/wp\/v2\/tags?post=144966"}],"curies":[{"name":"wp","href":"https:\/\/api.w.org\/{rel}","templated":true}]}}