{"id":144958,"date":"2024-04-03T10:12:49","date_gmt":"2024-04-03T16:12:49","guid":{"rendered":"https:\/\/nvnoticias.mx\/?p=144958"},"modified":"2024-04-03T10:12:51","modified_gmt":"2024-04-03T16:12:51","slug":"debe-atenderse-el-robo-de-mercancia-en-carreteras-del-pais-amanac","status":"publish","type":"post","link":"https:\/\/nvnoticias.mx\/index.php\/2024\/04\/03\/debe-atenderse-el-robo-de-mercancia-en-carreteras-del-pais-amanac\/","title":{"rendered":"Debe atenderse el robo de mercanc\u00eda en carreteras del pa\u00eds: Amanac"},"content":{"rendered":"\n<p><strong>Jes\u00fas Utrilla \/ NV Noticias<\/strong><\/p>\n\n\n\n<p>El robo de la mercanc\u00eda en carreteras del pa\u00eds impacta en los precios, admiti\u00f3 Fernando Con y Ledezma, vicepresidente del Consejo Directivo de la Asociaci\u00f3n Mexicana de Agentes Navieros (Amanac).<\/p>\n\n\n\n<p>Explic\u00f3 que debe atenderse el robo de las mercanc\u00edas en carreteras del pa\u00eds cuando son trasladadas, pues esto encarece los precios hacia el consumidor final y tambi\u00e9n afecta las l\u00edneas navieras.<\/p>\n\n\n\n<blockquote class=\"wp-block-quote is-layout-flow wp-block-quote-is-layout-flow\">\n<p><em>\u201cAlgo que nos ata\u00f1e es la inseguridad en las carreteras en el pa\u00eds y que d\u00eda con d\u00eda sufren los usuarios del autotransporte federal, ya que los operadores del transporte son v\u00edctimas del crimen organizado lo que pone en riesgo su integridad f\u00edsica y por ende las l\u00edneas navieras sufrimos p\u00e9rdidas de mercanc\u00eda y las afectaciones econ\u00f3micas que esto conlleva sin que se haga algo por evitar este vandalismo del que somos objet<\/em>o\u201d.<\/p>\n<\/blockquote>\n\n\n\n<p>Hay que recordar que los transportistas en reiteradas ocasiones solicitaron mayor vigilancia en las carreteras pues adem\u00e1s de los robos lesionan a los operadores y se llevan los trailers.<\/p>\n\n\n\n<p>Consider\u00f3 necesario resolver el problema de sobre regularizaci\u00f3n y coordinaci\u00f3n entre autoridades, contar con un sistema portuario m\u00e1s integrado y equilibrado, tambi\u00e9n el uso eficiente de los recursos con seguridad jur\u00eddica.<\/p>\n\n\n\n<p>Es necesario tambi\u00e9n aprovechar las oportunidades de atraer carga del tr\u00e1fico internacional, pero a la vez evitar que cuando las mercanc\u00edas sean trasladadas, se las roben.<\/p>\n","protected":false},"excerpt":{"rendered":"<p>Jes\u00fas Utrilla \/ NV Noticias El robo de la mercanc\u00eda en carreteras del pa\u00eds impacta en los precios, admiti\u00f3 Fernando Con y Ledezma, vicepresidente del Consejo Directivo de la Asociaci\u00f3n Mexicana de Agentes Navieros (Amanac). Explic\u00f3 que debe atenderse el robo de las mercanc\u00edas en carreteras del pa\u00eds cuando son trasladadas, pues esto encarece los [&hellip;]<\/p>\n","protected":false},"author":8,"featured_media":144959,"comment_status":"open","ping_status":"open","sticky":false,"template":"","format":"standard","meta":{"_monsterinsights_skip_tracking":false,"_monsterinsights_sitenote_active":false,"_monsterinsights_sitenote_note":"","_monsterinsights_sitenote_category":0,"footnotes":""},"categories":[154],"tags":[29471,1906,8125,938],"class_list":["post-144958","post","type-post","status-publish","format-standard","has-post-thumbnail","hentry","category-veracruz","tag-amanac","tag-carretera","tag-mercancia","tag-robo","wp-image-borders"],"amp_enabled":true,"_links":{"self":[{"href":"https:\/\/nvnoticias.mx\/index.php\/wp-json\/wp\/v2\/posts\/144958","targetHints":{"allow":["GET"]}}],"collection":[{"href":"https:\/\/nvnoticias.mx\/index.php\/wp-json\/wp\/v2\/posts"}],"about":[{"href":"https:\/\/nvnoticias.mx\/index.php\/wp-json\/wp\/v2\/types\/post"}],"author":[{"embeddable":true,"href":"https:\/\/nvnoticias.mx\/index.php\/wp-json\/wp\/v2\/users\/8"}],"replies":[{"embeddable":true,"href":"https:\/\/nvnoticias.mx\/index.php\/wp-json\/wp\/v2\/comments?post=144958"}],"version-history":[{"count":1,"href":"https:\/\/nvnoticias.mx\/index.php\/wp-json\/wp\/v2\/posts\/144958\/revisions"}],"predecessor-version":[{"id":144960,"href":"https:\/\/nvnoticias.mx\/index.php\/wp-json\/wp\/v2\/posts\/144958\/revisions\/144960"}],"wp:featuredmedia":[{"embeddable":true,"href":"https:\/\/nvnoticias.mx\/index.php\/wp-json\/wp\/v2\/media\/144959"}],"wp:attachment":[{"href":"https:\/\/nvnoticias.mx\/index.php\/wp-json\/wp\/v2\/media?parent=144958"}],"wp:term":[{"taxonomy":"category","embeddable":true,"href":"https:\/\/nvnoticias.mx\/index.php\/wp-json\/wp\/v2\/categories?post=144958"},{"taxonomy":"post_tag","embeddable":true,"href":"https:\/\/nvnoticias.mx\/index.php\/wp-json\/wp\/v2\/tags?post=144958"}],"curies":[{"name":"wp","href":"https:\/\/api.w.org\/{rel}","templated":true}]}}