{"id":144877,"date":"2024-04-02T14:17:30","date_gmt":"2024-04-02T20:17:30","guid":{"rendered":"https:\/\/nvnoticias.mx\/?p=144877"},"modified":"2024-04-02T14:17:32","modified_gmt":"2024-04-02T20:17:32","slug":"pepe-yunes-denuncia-ante-la-fgr-a-rocio-nahle","status":"publish","type":"post","link":"https:\/\/nvnoticias.mx\/index.php\/2024\/04\/02\/pepe-yunes-denuncia-ante-la-fgr-a-rocio-nahle\/","title":{"rendered":"Pepe Yunes denuncia ante la FGR a Roc\u00edo Nahle"},"content":{"rendered":"\n<p>El candidato a gobernador de\u00a0<strong>Veracruz\u00a0<\/strong>por la coalici\u00f3n &#8220;Fuerza y Coraz\u00f3n por Veracruz&#8221;,\u00a0<strong>Jos\u00e9 Francisco Yunes Zorrilla<\/strong>, denunci\u00f3 ante la Fiscal\u00eda General de la Rep\u00fablica (<strong>FGR<\/strong>) a la candidata a gobernadora de Morena,\u00a0<strong>Roc\u00edo Nahle Garc\u00eda<\/strong>, por los presuntos delitos de enriquecimiento il\u00edcito y operaciones con recursos de procedencia il\u00edcita.<\/p>\n\n\n\n<p>En conferencia de prensa en la Ciudad de M\u00e9xico, el aspirante a gobernador inform\u00f3 que acudi\u00f3 a la Fiscal\u00eda Especializada en Materia de Combate a la Corrupci\u00f3n de la FGR para presentar denuncia formal de hechos, en la que sostiene que durante el periodo en el que Nahle se desempe\u00f1\u00f3 como secretaria de Energ\u00eda, increment\u00f3 &#8220;de manera inexplicable&#8221; su patrimonio al comprar inmuebles cuyo valor exceden los 60 millones de pesos.<\/p>\n\n\n\n<blockquote class=\"wp-block-quote is-layout-flow wp-block-quote-is-layout-flow\">\n<p>&#8220;La candidata de Morena al Gobierno de Veracruz est\u00e1 relacionada en la compra de tres predios y la construcci\u00f3n de dos mansiones en fraccionamientos exclusivos de alta plusval\u00eda de Veracruz y de Tabasco&#8221;, acus\u00f3.<\/p>\n<\/blockquote>\n\n\n\n<p>El candidato del PRI, PAN y PRD insisti\u00f3 en que resulta de mayor relevancia que se esclarezca el origen y destino los recursos con los que se obtuvieron estas propiedades, pues asegur\u00f3 que existe un \u201cdescuadre\u201d entre propiedades e ingresos: \u201cReunir el recurso necesario para pagar esos cerca de 60 millones de pesos que valen los inmuebles, le hubiera llevado 39 a\u00f1os, ahorrando todo su sueldo neto\u201d.<\/p>\n\n\n\n<blockquote class=\"wp-block-quote is-layout-flow wp-block-quote-is-layout-flow\">\n<p>&#8220;Por eso hemos presentado esta nueva denuncia ante la Fiscal\u00eda Anticorrupci\u00f3n, por los probables delitos de enriquecimiento il\u00edcito y operaciones con recursos de procedencia il\u00edcita&#8221;, reiter\u00f3.<\/p>\n<\/blockquote>\n\n\n\n<p>Pepe Yunes asegur\u00f3 que la promesa de Morena de &#8220;no mentir, no robar y no traicionar&#8221; ha sido rota una y otra vez a lo largo de esta administraci\u00f3n, por lo que llam\u00f3 a los veracruzanos a no permitir que el partido del presidente Andr\u00e9s Manuel L\u00f3pez Obrador siga en el gobierno: &#8220;Esa es la elecci\u00f3n que enfrentan los veracruzanos: un gobernador de verdad o tener otro sexenio de mentiras&#8221;.<\/p>\n\n\n\n<p>Fuente: <a href=\"https:\/\/www.eluniversal.com.mx\/elecciones\/pepe-yunes-denuncia-ante-la-fgr-a-rocio-nahle-por-enriquecimiento-ilicito\/\" data-type=\"link\" data-id=\"https:\/\/www.eluniversal.com.mx\/elecciones\/pepe-yunes-denuncia-ante-la-fgr-a-rocio-nahle-por-enriquecimiento-ilicito\/\">El Universal<\/a> <\/p>\n","protected":false},"excerpt":{"rendered":"<p>El candidato a gobernador de\u00a0Veracruz\u00a0por la coalici\u00f3n &#8220;Fuerza y Coraz\u00f3n por Veracruz&#8221;,\u00a0Jos\u00e9 Francisco Yunes Zorrilla, denunci\u00f3 ante la Fiscal\u00eda General de la Rep\u00fablica (FGR) a la candidata a gobernadora de Morena,\u00a0Roc\u00edo Nahle Garc\u00eda, por los presuntos delitos de enriquecimiento il\u00edcito y operaciones con recursos de procedencia il\u00edcita. En conferencia de prensa en la Ciudad de [&hellip;]<\/p>\n","protected":false},"author":35,"featured_media":144881,"comment_status":"open","ping_status":"open","sticky":false,"template":"","format":"standard","meta":{"_monsterinsights_skip_tracking":false,"_monsterinsights_sitenote_active":false,"_monsterinsights_sitenote_note":"","_monsterinsights_sitenote_category":0,"footnotes":""},"categories":[158],"tags":[674,1594],"class_list":["post-144877","post","type-post","status-publish","format-standard","has-post-thumbnail","hentry","category-politica","tag-pepe-yunes","tag-rocio-nahle","wp-image-borders"],"amp_enabled":true,"_links":{"self":[{"href":"https:\/\/nvnoticias.mx\/index.php\/wp-json\/wp\/v2\/posts\/144877","targetHints":{"allow":["GET"]}}],"collection":[{"href":"https:\/\/nvnoticias.mx\/index.php\/wp-json\/wp\/v2\/posts"}],"about":[{"href":"https:\/\/nvnoticias.mx\/index.php\/wp-json\/wp\/v2\/types\/post"}],"author":[{"embeddable":true,"href":"https:\/\/nvnoticias.mx\/index.php\/wp-json\/wp\/v2\/users\/35"}],"replies":[{"embeddable":true,"href":"https:\/\/nvnoticias.mx\/index.php\/wp-json\/wp\/v2\/comments?post=144877"}],"version-history":[{"count":4,"href":"https:\/\/nvnoticias.mx\/index.php\/wp-json\/wp\/v2\/posts\/144877\/revisions"}],"predecessor-version":[{"id":144882,"href":"https:\/\/nvnoticias.mx\/index.php\/wp-json\/wp\/v2\/posts\/144877\/revisions\/144882"}],"wp:featuredmedia":[{"embeddable":true,"href":"https:\/\/nvnoticias.mx\/index.php\/wp-json\/wp\/v2\/media\/144881"}],"wp:attachment":[{"href":"https:\/\/nvnoticias.mx\/index.php\/wp-json\/wp\/v2\/media?parent=144877"}],"wp:term":[{"taxonomy":"category","embeddable":true,"href":"https:\/\/nvnoticias.mx\/index.php\/wp-json\/wp\/v2\/categories?post=144877"},{"taxonomy":"post_tag","embeddable":true,"href":"https:\/\/nvnoticias.mx\/index.php\/wp-json\/wp\/v2\/tags?post=144877"}],"curies":[{"name":"wp","href":"https:\/\/api.w.org\/{rel}","templated":true}]}}