{"id":144848,"date":"2024-04-02T11:45:22","date_gmt":"2024-04-02T17:45:22","guid":{"rendered":"https:\/\/nvnoticias.mx\/?p=144848"},"modified":"2024-04-02T11:45:24","modified_gmt":"2024-04-02T17:45:24","slug":"shakira-revela-que-no-le-gusto-la-pelicula-de-barbie","status":"publish","type":"post","link":"https:\/\/nvnoticias.mx\/index.php\/2024\/04\/02\/shakira-revela-que-no-le-gusto-la-pelicula-de-barbie\/","title":{"rendered":"Shakira revela que no le gust\u00f3 la pel\u00edcula de &#8220;Barbie&#8221;"},"content":{"rendered":"\n<p><strong>Shakira<\/strong> se acaba de convertir en la nueva portada de &#8220;Allure&#8221;, revista a la que concedi\u00f3 una entrevista exclusiva, en donde trata temas relacionados al feminismo, la misoginia y el papel de la mujer en la sociedad, por lo que fue inevitable que &#8220;<strong>Barbie<\/strong>&#8220;, y su discurso feminista, no surgiera durante la conversaci\u00f3n. Sin embargo, la opini\u00f3n que la colombiana tiene de la<strong> pel\u00edcula <\/strong>sorprendi\u00f3, pues reconoci\u00f3 que a ella no le gust\u00f3 tanto como a la mayor\u00eda de la audiencia.<\/p>\n\n\n\n<p>Esta ma\u00f1ana, la cantante de &#8220;Punter\u00eda&#8221; comparti\u00f3 a trav\u00e9s de sus redes sociales la portada de &#8220;Allure&#8221;, en la que aparece con un vestido negro aterciopelado, con copas alrededor del pecho, hechas con peque\u00f1as perlas brillantes.<\/p>\n\n\n\n<p>Desde que Shak lanz\u00f3 &#8220;Las mujeres ya no lloran&#8221;, su nuevo \u00e1lbum, ha hecho gran promoci\u00f3n de su primer lanzamiento luego de siete a\u00f1os, pues como ha revelado, por largo tiempo, decidi\u00f3 priorizar su vida familiar por encima de sus proyectos musicales.<\/p>\n\n\n\n<p>La \u00faltima sorpresa que dio a sus fans fue su inesperada aparici\u00f3n en Times Square, la semana pasada, en la que interpret\u00f3 dos de sus m\u00e1s grandes \u00e9xitos; &#8220;Hips don\u00b4t lie&#8221; y &#8220;Sessions, Vol. 53&#8221;, as\u00ed como promocion\u00f3 algunas de las nuevas canciones que forman parte de su \u00e1lbum.<\/p>\n\n\n\n<p>Con esa producci\u00f3n discogr\u00e1fica, la cantante colombiana ha demostrado como la m\u00fasica la ayud\u00f3 a sanar en medio de la ruptura medi\u00e1tica que vivi\u00f3 a la do de su expareja, el futbolista Gerard Piqu\u00e9, pues en m\u00e1s de una ocasi\u00f3n ha asegurando que componer es la mejor terapia psicol\u00f3gica que puede tener.<\/p>\n\n\n\n<p>Con temas como &#8220;Te felicito&#8221;, &#8220;TQG&#8221;, &#8220;El jefe&#8221;, &#8220;Sessions, Vol. 53&#8221; y &#8220;Punter\u00eda&#8221; demostr\u00f3 su empoderamiento como mujer, en su m\u00e1xima expresi\u00f3n, por lo que una de las declaraciones que realiz\u00f3 para &#8220;Allure&#8221; ya ha comenzado a dar de qu\u00e9 hablar.<\/p>\n\n\n\n<p>La int\u00e9rprete de &#8220;Pies descalzos&#8221; contestaba una pregunta acerca del futuro de la mujer en la econom\u00eda mundial, destacando cifras que hab\u00eda le\u00eddo y que suger\u00eda que, para el 20230, el 60 por ciento de la econom\u00eda ser\u00eda impulsado por el trabajo de las mujeres.<\/p>\n\n\n\n<p>Fue entonces que, Patricia Alfonso Tortolani -con quien se entrevist\u00f3- se dijo ansiosa de conocer si ya hab\u00eda visto la cinta de Greta Gerwig, &#8220;Barbie&#8221;, y qu\u00e9 opini\u00f3n le merec\u00eda.<\/p>\n\n\n\n<blockquote class=\"wp-block-quote is-layout-flow wp-block-quote-is-layout-flow\">\n<p>&#8220;La vi, s\u00ed&#8221;, dijo y se tom\u00f3 un instantes antes de dar a conocer su impresi\u00f3n.<\/p>\n<\/blockquote>\n\n\n\n<p>La cantante destac\u00f3 que vio la pel\u00edcula, protagonizada por Margot Robbie y Ryan Gosling, con sus dos hijos; Milan (11) y Sasha (10).<\/p>\n\n\n\n<blockquote class=\"wp-block-quote is-layout-flow wp-block-quote-is-layout-flow\">\n<p>\u201cMis hijos lo odiaron absolutamente. Sintieron que era castrador y estoy de acuerdo, hasta cierto punto&#8221;, expres\u00f3.<\/p>\n<\/blockquote>\n\n\n\n<p>Shak indic\u00f3 que, como madre de dos hijos hombres, desea criar a un par de peque\u00f1os que tambi\u00e9n sientan que pueden ser poderosos por el hecho de ser lo que son, motivo por el que el discurso de la pel\u00edcula de Warner Bros, que maximiza el poder que existe en las mujeres no le convenci\u00f3 por completo.<\/p>\n\n\n\n<blockquote class=\"wp-block-quote is-layout-flow wp-block-quote-is-layout-flow\">\n<p>&#8220;Estoy criando a dos ni\u00f1os, quiero que ellos tambi\u00e9n se sientan poderosos respetando a las mujeres. Me gusta la cultura pop cuando intenta empoderar a las mujeres sin privar a los hombres de su posibilidad de ser hombres, de proteger y proveer tambi\u00e9n&#8221;, ahond\u00f3.<\/p>\n<\/blockquote>\n\n\n\n<p>Fuente: <a href=\"https:\/\/www.eluniversal.com.mx\/espectaculos\/shakira-revela-que-no-le-gusto-la-pelicula-de-barbie-cual-fue-el-motivo\/\" data-type=\"link\" data-id=\"https:\/\/www.eluniversal.com.mx\/espectaculos\/shakira-revela-que-no-le-gusto-la-pelicula-de-barbie-cual-fue-el-motivo\/\">El Universal<\/a><\/p>\n","protected":false},"excerpt":{"rendered":"<p>Shakira se acaba de convertir en la nueva portada de &#8220;Allure&#8221;, revista a la que concedi\u00f3 una entrevista exclusiva, en donde trata temas relacionados al feminismo, la misoginia y el papel de la mujer en la sociedad, por lo que fue inevitable que &#8220;Barbie&#8220;, y su discurso feminista, no surgiera durante la conversaci\u00f3n. Sin embargo, [&hellip;]<\/p>\n","protected":false},"author":35,"featured_media":57918,"comment_status":"open","ping_status":"open","sticky":false,"template":"","format":"standard","meta":{"_monsterinsights_skip_tracking":false,"_monsterinsights_sitenote_active":false,"_monsterinsights_sitenote_note":"","_monsterinsights_sitenote_category":0,"footnotes":""},"categories":[576],"tags":[5471,15601],"class_list":["post-144848","post","type-post","status-publish","format-standard","has-post-thumbnail","hentry","category-ocio","tag-barbie","tag-shakira","wp-image-borders"],"amp_enabled":true,"_links":{"self":[{"href":"https:\/\/nvnoticias.mx\/index.php\/wp-json\/wp\/v2\/posts\/144848","targetHints":{"allow":["GET"]}}],"collection":[{"href":"https:\/\/nvnoticias.mx\/index.php\/wp-json\/wp\/v2\/posts"}],"about":[{"href":"https:\/\/nvnoticias.mx\/index.php\/wp-json\/wp\/v2\/types\/post"}],"author":[{"embeddable":true,"href":"https:\/\/nvnoticias.mx\/index.php\/wp-json\/wp\/v2\/users\/35"}],"replies":[{"embeddable":true,"href":"https:\/\/nvnoticias.mx\/index.php\/wp-json\/wp\/v2\/comments?post=144848"}],"version-history":[{"count":2,"href":"https:\/\/nvnoticias.mx\/index.php\/wp-json\/wp\/v2\/posts\/144848\/revisions"}],"predecessor-version":[{"id":144850,"href":"https:\/\/nvnoticias.mx\/index.php\/wp-json\/wp\/v2\/posts\/144848\/revisions\/144850"}],"wp:featuredmedia":[{"embeddable":true,"href":"https:\/\/nvnoticias.mx\/index.php\/wp-json\/wp\/v2\/media\/57918"}],"wp:attachment":[{"href":"https:\/\/nvnoticias.mx\/index.php\/wp-json\/wp\/v2\/media?parent=144848"}],"wp:term":[{"taxonomy":"category","embeddable":true,"href":"https:\/\/nvnoticias.mx\/index.php\/wp-json\/wp\/v2\/categories?post=144848"},{"taxonomy":"post_tag","embeddable":true,"href":"https:\/\/nvnoticias.mx\/index.php\/wp-json\/wp\/v2\/tags?post=144848"}],"curies":[{"name":"wp","href":"https:\/\/api.w.org\/{rel}","templated":true}]}}