{"id":1448,"date":"2021-01-18T08:03:05","date_gmt":"2021-01-18T14:03:05","guid":{"rendered":"https:\/\/nvnoticias.mx\/?p=1448"},"modified":"2021-01-18T08:06:31","modified_gmt":"2021-01-18T14:06:31","slug":"vacuna-de-pfizer-contra-covid-19-provoca-29-muertes-en-noruega","status":"publish","type":"post","link":"https:\/\/nvnoticias.mx\/index.php\/2021\/01\/18\/vacuna-de-pfizer-contra-covid-19-provoca-29-muertes-en-noruega\/","title":{"rendered":"Vacuna de Pfizer contra COVID-19 provoca 29 muertes en Noruega"},"content":{"rendered":"\n<p>Noruega registr\u00f3\u00a0un total de 29 muertes entre personas mayores de 75 a\u00f1os\u00a0que <strong>recibieron la primera dosis de la vacuna contra el COVID-19 de Pfizer<\/strong>, seg\u00fan una publicaci\u00f3n de <em><a href=\"https:\/\/www.bloomberg.com\/news\/articles\/2021-01-16\/norway-vaccine-fatalities-among-people-75-and-older-rise-to-29\">Bloomberg<\/a><\/em>. <\/p>\n\n\n\n<p>Cabe resalta r que Noruega ya ha recibido y administrado m\u00e1s de 33 mil vacunas, todas de Pfizer-BioNTech, y &#8220;por tanto, todas las muertes est\u00e1n vinculadas a esta vacuna&#8221;, afirm\u00f3 la Agencia Noruega del Medicamento.<\/p>\n\n\n\n<blockquote class=\"wp-block-quote is-layout-flow wp-block-quote-is-layout-flow\"><p>&#8220;Hay 13 muertes que han sido evaluadas y estamos al tanto de otras 16 muertes que se est\u00e1n estudiando actualmente&#8221;, agreg\u00f3. Todas las muertes reportadas estaban relacionadas con &#8220;personas mayores con trastornos b\u00e1sicos graves&#8221;, se\u00f1al\u00f3.<\/p><\/blockquote>\n\n\n\n<p>A trav\u00e9s de un comunicado la farmac\u00e9utica estadounidense, dijo que a ra\u00edz de los casos de muertes que se han registrado, Pfizer y BioNTech trabajan con el regulador noruego para investigar los decesos en Noruega.<\/p>\n\n\n\n<p>Fuente: El Financiero \/ El Economista<\/p>\n","protected":false},"excerpt":{"rendered":"<p>Noruega registr\u00f3\u00a0un total de 29 muertes entre personas mayores de 75 a\u00f1os\u00a0que recibieron la primera dosis de la vacuna contra el COVID-19 de Pfizer, seg\u00fan una publicaci\u00f3n de Bloomberg. Cabe resalta r que Noruega ya ha recibido y administrado m\u00e1s de 33 mil vacunas, todas de Pfizer-BioNTech, y &#8220;por tanto, todas las muertes est\u00e1n vinculadas [&hellip;]<\/p>\n","protected":false},"author":6,"featured_media":1449,"comment_status":"open","ping_status":"open","sticky":false,"template":"","format":"standard","meta":{"_monsterinsights_skip_tracking":false,"_monsterinsights_sitenote_active":false,"_monsterinsights_sitenote_note":"","_monsterinsights_sitenote_category":0,"footnotes":""},"categories":[181],"tags":[488,489,340,162,217],"class_list":["post-1448","post","type-post","status-publish","format-standard","has-post-thumbnail","hentry","category-internacional","tag-muertes","tag-noruega","tag-pfizer","tag-portada","tag-vacuna","wp-image-borders"],"amp_enabled":true,"_links":{"self":[{"href":"https:\/\/nvnoticias.mx\/index.php\/wp-json\/wp\/v2\/posts\/1448","targetHints":{"allow":["GET"]}}],"collection":[{"href":"https:\/\/nvnoticias.mx\/index.php\/wp-json\/wp\/v2\/posts"}],"about":[{"href":"https:\/\/nvnoticias.mx\/index.php\/wp-json\/wp\/v2\/types\/post"}],"author":[{"embeddable":true,"href":"https:\/\/nvnoticias.mx\/index.php\/wp-json\/wp\/v2\/users\/6"}],"replies":[{"embeddable":true,"href":"https:\/\/nvnoticias.mx\/index.php\/wp-json\/wp\/v2\/comments?post=1448"}],"version-history":[{"count":1,"href":"https:\/\/nvnoticias.mx\/index.php\/wp-json\/wp\/v2\/posts\/1448\/revisions"}],"predecessor-version":[{"id":1450,"href":"https:\/\/nvnoticias.mx\/index.php\/wp-json\/wp\/v2\/posts\/1448\/revisions\/1450"}],"wp:featuredmedia":[{"embeddable":true,"href":"https:\/\/nvnoticias.mx\/index.php\/wp-json\/wp\/v2\/media\/1449"}],"wp:attachment":[{"href":"https:\/\/nvnoticias.mx\/index.php\/wp-json\/wp\/v2\/media?parent=1448"}],"wp:term":[{"taxonomy":"category","embeddable":true,"href":"https:\/\/nvnoticias.mx\/index.php\/wp-json\/wp\/v2\/categories?post=1448"},{"taxonomy":"post_tag","embeddable":true,"href":"https:\/\/nvnoticias.mx\/index.php\/wp-json\/wp\/v2\/tags?post=1448"}],"curies":[{"name":"wp","href":"https:\/\/api.w.org\/{rel}","templated":true}]}}