{"id":144787,"date":"2024-04-01T21:05:11","date_gmt":"2024-04-02T03:05:11","guid":{"rendered":"https:\/\/nvnoticias.mx\/?p=144787"},"modified":"2024-04-01T21:05:13","modified_gmt":"2024-04-02T03:05:13","slug":"gobierno-empresario","status":"publish","type":"post","link":"https:\/\/nvnoticias.mx\/index.php\/2024\/04\/01\/gobierno-empresario\/","title":{"rendered":"\u00bfGobierno empresario?"},"content":{"rendered":"\n<p><strong>Ricardo Homs<\/strong><\/p>\n\n\n\n<p>La demanda que recibi\u00f3<strong>&nbsp;Mexicana de Aviaci\u00f3n<\/strong>, -empresa propiedad de Secretar\u00eda de la Defensa Nacional-,<strong>&nbsp;SEDENA<\/strong>, por 838 millones de d\u00f3lares debe alertarnos de la<strong>&nbsp;incapacidad<\/strong>&nbsp;del gobierno para competir en el \u00e1mbito empresarial.<\/p>\n\n\n\n<p>Esta demanda fue interpuesta por la empresa texana&nbsp;<strong>SAT Aero Holdings<\/strong>&nbsp;en un tribunal de&nbsp;<strong>Nueva York&nbsp;<\/strong>por incumplimiento del contrato firmado entre ambas empresas para la renta de diez aviones.<\/p>\n\n\n\n<p>Este gobierno que se cree innovador est\u00e1 repitiendo la misma historia que emprendieron hace m\u00e1s de 50 a\u00f1os gobiernos como los de Luis Echeverr\u00eda y Jos\u00e9 L\u00f3pez Portillo. Despu\u00e9s del fracaso, tuvieron que deshacerse de las empresas en tiempos de los presidentes Carlos Salinas de Gortari y Ernesto Zedillo.<\/p>\n\n\n\n<p>Las empresas se constituyen para competir en los mercados y generar utilidades. Sin embargo, cuando los gobiernos se convierten en empresarios, entonces habilitan funcionarios p\u00fablicos que<strong>&nbsp;carecen&nbsp;<\/strong>no s\u00f3lo de la experiencia y conocimientos, sino tambi\u00e9n de la&nbsp;<strong>vocaci\u00f3n competitiva<\/strong>&nbsp;imprescindible para el \u00e9xito en el \u00e1mbito empresarial.<\/p>\n\n\n\n<p>Mexicana de Aviaci\u00f3n hoy&nbsp;<strong>compite<\/strong>&nbsp;contra otras aerol\u00edneas de gran experiencia, -poseedoras de una marca reconocida y trayectoria confiable para los pasajeros-, tanto nacionales como extranjeros.<\/p>\n\n\n\n<p>El principal riesgo de las empresas administradas por el estado, -en cualquier parte del mundo-, es que terminan pretendiendo, -como prioridad-, cumplir objetivos sociales y&nbsp;<strong>subordinando&nbsp;<\/strong>a ellos las reglas competitivas que deben prevalecer en el contexto empresarial.<\/p>\n\n\n\n<p>El resultado siempre es el&nbsp;<strong>desaseo administrativo<\/strong>, que las lleva a ser&nbsp;<strong>deficitarias<\/strong>, con costos por encima de los ingresos, pol\u00edticas comerciales de bajo impacto y a convertirse en una carga econ\u00f3mica para las finanzas del estado.<\/p>\n\n\n\n<p>Cuando una empresa propiedad de inversionistas privados fracasa, termina&nbsp;<strong>cerrando operaciones<\/strong>&nbsp;y sus directivos acaban afrontando las consecuencias de su&nbsp;<strong>ineficiencia<\/strong>, as\u00ed como de sus decisiones equivocadas. Son precedidos por el descr\u00e9dito profesional a partir de su fracaso.<\/p>\n\n\n\n<p>En el \u00e1mbito gubernamental es totalmente diferente. Los errores se<strong>&nbsp;disfrazan<\/strong>&nbsp;y se ocultan en una vasta red de complicidades. Mientras la eficiencia y la eficacia se privilegian en la iniciativa privada, -para alcanzar resultados \u00f3ptimos-, las empresas gubernamentales se movilizan a partir de&nbsp;<strong>objetivos pol\u00edticos<\/strong>&nbsp;y por ello los altos cargos se entregan como&nbsp;<strong>bot\u00edn<\/strong>, -o para quedar bien con alguien-, a sujetos que no cubren con el perfil del cargo y por ello estas organizaciones dejan de ser&nbsp;<strong>productivas<\/strong>.<\/p>\n\n\n\n<p>El resultado generalmente termina siendo que las empresas se vuelven deficitarias y empiezan a ser subsidiadas con&nbsp;<strong>dinero p\u00fablico<\/strong>, que se&nbsp;<strong>distrae<\/strong>&nbsp;de servicios prioritarios. Esos subsidios son capital que debiese ser invertido en servicios p\u00fablicos en beneficio de la comunidad, pero termina&nbsp;<strong>blindando<\/strong>&nbsp;caprichos presidenciales.<\/p>\n\n\n\n<p>De este modo&nbsp;<strong>Segalmex<\/strong>&nbsp;desapareci\u00f3 15 mil millones de pesos sin ninguna consecuencia, -dinero que seguramente hoy est\u00e1 siendo utilizado para esta&nbsp;<strong>campa\u00f1a electoral<\/strong>-, mientras el faltante contable debe haber sido cubierto con dinero p\u00fablico, igual que est\u00e1 sucediendo con la construcci\u00f3n de la refiner\u00eda de Dos Bocas, que se ha convertido en un barril sin fondo, lo mismo que PEMEX.<\/p>\n\n\n\n<p>En pocos a\u00f1os m\u00e1s estas grandes obras, como el&nbsp;<strong>Tren Maya<\/strong>, los aeropuertos que est\u00e1n en manos de militares, as\u00ed como hoteles que tambi\u00e9n les fueron obsequiados, -adem\u00e1s de la aerol\u00ednea Mexicana de Aviaci\u00f3n y el&nbsp;<strong>Banco del Bienestar<\/strong>, entre otras empresas gubernamentales-, terminar\u00e1n siendo refaccionadas con dinero p\u00fablico mientras gobierne la 4T, con un gran<strong>&nbsp;costo econ\u00f3mico<\/strong>&nbsp;para las finanzas del pa\u00eds, como hoy sucede con&nbsp;<strong>PEMEX<\/strong>.<\/p>\n\n\n\n<p>Este lastre para el futuro de M\u00e9xico ser\u00e1 el legado de este gobierno.<\/p>\n\n\n\n<h2 class=\"wp-block-heading\">\u00bfReducci\u00f3n de la violencia en Guerrero?<\/h2>\n\n\n\n<p>Con bombo y platillo se dio a conocer que a partir de la&nbsp;<strong>negociaci\u00f3n<\/strong>&nbsp;entre Tlacos y Ardillos disminuy\u00f3 la violencia en Chilpancingo, Guerrero, en 23%.<\/p>\n\n\n\n<p>De buena fe participaron&nbsp;<strong>sacerdotes&nbsp;<\/strong>como facilitadores, pretendiendo reducir la violencia que sufre la&nbsp;<strong>sociedad guerrerense<\/strong>.<\/p>\n\n\n\n<p>Sin embargo, lo que ha sucedido seguramente ha sido la reducci\u00f3n de las&nbsp;<strong>agresiones<\/strong>&nbsp;entre los&nbsp;<strong>grupos delincuenciales<\/strong>&nbsp;en pugna para controlar el territorio. Dejaron de agredirse entre ellos y de este modo disminuyeron los asesinatos. Evidentemente tanto el gobierno del Estado de Guerrero como el gobierno federal han festejado esta cifra como un&nbsp;<strong>gran logro<\/strong>.<\/p>\n\n\n\n<p>Lo que debemos preguntarnos es\u2026 \u00bfEn que ha&nbsp;<strong>beneficiado<\/strong>&nbsp;este acuerdo a la sociedad, si no ha disminuido ni la extorsi\u00f3n, ni el cobro de piso, ni el secuestro?<\/p>\n\n\n\n<p>No son los organismos de la sociedad civil, -como los sacerdotes participantes-, quienes deben buscar&nbsp;<strong>soluciones<\/strong>&nbsp;de buena fe para disminuir la violencia, sino el&nbsp;<strong>gobierno federal<\/strong>&nbsp;quien debe proteger a la poblaci\u00f3n.<\/p>\n\n\n\n<p>No es lo mismo aunque nos lo quieran hacer creer que s\u00ed.<\/p>\n\n\n\n<h2 class=\"wp-block-heading\">Arturo Zald\u00edvar<\/h2>\n\n\n\n<p>Mal se vi\u00f3 el ministro en retiro<strong>&nbsp;Arturo Zald\u00edvar<\/strong>&nbsp;descalificando a la ex senadora y ex diputada Adriana D\u00e1vila en el programa que conducen<strong>&nbsp;Ciro G\u00f3mez Leyva<\/strong>&nbsp;y Manuel Feregrino, en&nbsp;<strong>Telef\u00f3rmula<\/strong>. Ella cuestion\u00f3 la responsabilidad del gobierno federal en el combate al&nbsp;<strong>crimen organizado<\/strong>. Zald\u00edvar la tach\u00f3 de&nbsp;<strong>ignorante<\/strong>&nbsp;y de ser seguramente legisladora del PAN.<\/p>\n\n\n\n<p>Se\u00f1or ministro\u2026 independientemente de la responsabilidad jur\u00eddica del gobierno federal, \u00bfQui\u00e9n tiene la capacidad de respuesta para enfrentar al crimen organizado? \u2026 \u00bfLos gobiernos estatales y municipales? \u2026 \u00bfO el gobierno federal?<\/p>\n\n\n\n<p>\u00bfA usted qu\u00e9 le parece?<\/p>\n\n\n\n<p>Facebook: @Ricardo.Homs1<\/p>\n\n\n\n<p>\u201cX\u201d, (Twitter): @homsricardo<\/p>\n\n\n\n<p>Linkedin: Ricardo Homs<\/p>\n\n\n\n<p><a href=\"http:\/\/www.ricardohoms.com\/\" target=\"_blank\" rel=\"noreferrer noopener\">www.ricardohoms.com<\/a><\/p>\n","protected":false},"excerpt":{"rendered":"<p>Ricardo Homs La demanda que recibi\u00f3&nbsp;Mexicana de Aviaci\u00f3n, -empresa propiedad de Secretar\u00eda de la Defensa Nacional-,&nbsp;SEDENA, por 838 millones de d\u00f3lares debe alertarnos de la&nbsp;incapacidad&nbsp;del gobierno para competir en el \u00e1mbito empresarial. Esta demanda fue interpuesta por la empresa texana&nbsp;SAT Aero Holdings&nbsp;en un tribunal de&nbsp;Nueva York&nbsp;por incumplimiento del contrato firmado entre ambas empresas para la [&hellip;]<\/p>\n","protected":false},"author":18,"featured_media":116649,"comment_status":"open","ping_status":"open","sticky":false,"template":"","format":"standard","meta":{"_monsterinsights_skip_tracking":false,"_monsterinsights_sitenote_active":false,"_monsterinsights_sitenote_note":"","_monsterinsights_sitenote_category":0,"footnotes":""},"categories":[246],"tags":[173],"class_list":["post-144787","post","type-post","status-publish","format-standard","has-post-thumbnail","hentry","category-ricardo-homs","tag-ricardo-homs","wp-image-borders"],"amp_enabled":true,"_links":{"self":[{"href":"https:\/\/nvnoticias.mx\/index.php\/wp-json\/wp\/v2\/posts\/144787","targetHints":{"allow":["GET"]}}],"collection":[{"href":"https:\/\/nvnoticias.mx\/index.php\/wp-json\/wp\/v2\/posts"}],"about":[{"href":"https:\/\/nvnoticias.mx\/index.php\/wp-json\/wp\/v2\/types\/post"}],"author":[{"embeddable":true,"href":"https:\/\/nvnoticias.mx\/index.php\/wp-json\/wp\/v2\/users\/18"}],"replies":[{"embeddable":true,"href":"https:\/\/nvnoticias.mx\/index.php\/wp-json\/wp\/v2\/comments?post=144787"}],"version-history":[{"count":1,"href":"https:\/\/nvnoticias.mx\/index.php\/wp-json\/wp\/v2\/posts\/144787\/revisions"}],"predecessor-version":[{"id":144788,"href":"https:\/\/nvnoticias.mx\/index.php\/wp-json\/wp\/v2\/posts\/144787\/revisions\/144788"}],"wp:featuredmedia":[{"embeddable":true,"href":"https:\/\/nvnoticias.mx\/index.php\/wp-json\/wp\/v2\/media\/116649"}],"wp:attachment":[{"href":"https:\/\/nvnoticias.mx\/index.php\/wp-json\/wp\/v2\/media?parent=144787"}],"wp:term":[{"taxonomy":"category","embeddable":true,"href":"https:\/\/nvnoticias.mx\/index.php\/wp-json\/wp\/v2\/categories?post=144787"},{"taxonomy":"post_tag","embeddable":true,"href":"https:\/\/nvnoticias.mx\/index.php\/wp-json\/wp\/v2\/tags?post=144787"}],"curies":[{"name":"wp","href":"https:\/\/api.w.org\/{rel}","templated":true}]}}