{"id":144744,"date":"2024-04-01T17:11:58","date_gmt":"2024-04-01T23:11:58","guid":{"rendered":"https:\/\/nvnoticias.mx\/?p=144744"},"modified":"2024-04-01T17:13:32","modified_gmt":"2024-04-01T23:13:32","slug":"velazquez-tiscareno-toma-la-direccion-de-asipona-veracruz","status":"publish","type":"post","link":"https:\/\/nvnoticias.mx\/index.php\/2024\/04\/01\/velazquez-tiscareno-toma-la-direccion-de-asipona-veracruz\/","title":{"rendered":"Vel\u00e1zquez Tiscare\u00f1o toma la direcci\u00f3n de ASIPONA Veracruz"},"content":{"rendered":"\n<p>El d\u00eda de hoy se anunci\u00f3 el nombramiento del Vicealmirante Carlos Ignacio Vel\u00e1zquez Tiscare\u00f1o como el nuevo director de la Administraci\u00f3n del Sistema Portuario Nacional (Asipona) en Veracruz.<\/p>\n\n\n\n<p>Anteriormente, Vel\u00e1zquez Tiscare\u00f1o ocup\u00f3 el cargo de director del Aeropuerto Internacional de la Ciudad de M\u00e9xico.<\/p>\n\n\n\n<p>El puesto en Asipona Veracruz estuvo previamente ocupado por el almirante Romel Eduardo Ledezma Abaroa.<\/p>\n\n\n\n<p><strong>Formaci\u00f3n de Carlos Ignacio Vel\u00e1zquez<\/strong><\/p>\n\n\n\n<p>Es egresado de la Heroica Escuela Naval Militar, donde se form\u00f3 en diversas \u00e1reas como guardiamarina, ingenier\u00eda mec\u00e1nica naval e ingenier\u00eda geogr\u00e1fica. Adem\u00e1s, complet\u00f3 su formaci\u00f3n como piloto aviador en la Escuela de Aviaci\u00f3n Naval.<\/p>\n","protected":false},"excerpt":{"rendered":"<p>El d\u00eda de hoy se anunci\u00f3 el nombramiento del Vicealmirante Carlos Ignacio Vel\u00e1zquez Tiscare\u00f1o como el nuevo director de la Administraci\u00f3n del Sistema Portuario Nacional (Asipona) en Veracruz. Anteriormente, Vel\u00e1zquez Tiscare\u00f1o ocup\u00f3 el cargo de director del Aeropuerto Internacional de la Ciudad de M\u00e9xico. El puesto en Asipona Veracruz estuvo previamente ocupado por el almirante [&hellip;]<\/p>\n","protected":false},"author":6,"featured_media":144745,"comment_status":"open","ping_status":"open","sticky":false,"template":"","format":"standard","meta":{"_monsterinsights_skip_tracking":false,"_monsterinsights_sitenote_active":false,"_monsterinsights_sitenote_note":"","_monsterinsights_sitenote_category":0,"footnotes":""},"categories":[154],"tags":[25953,162,29779],"class_list":["post-144744","post","type-post","status-publish","format-standard","has-post-thumbnail","hentry","category-veracruz","tag-asipona-veracruz","tag-portada","tag-velazquez-tiscareno","wp-image-borders"],"amp_enabled":true,"_links":{"self":[{"href":"https:\/\/nvnoticias.mx\/index.php\/wp-json\/wp\/v2\/posts\/144744","targetHints":{"allow":["GET"]}}],"collection":[{"href":"https:\/\/nvnoticias.mx\/index.php\/wp-json\/wp\/v2\/posts"}],"about":[{"href":"https:\/\/nvnoticias.mx\/index.php\/wp-json\/wp\/v2\/types\/post"}],"author":[{"embeddable":true,"href":"https:\/\/nvnoticias.mx\/index.php\/wp-json\/wp\/v2\/users\/6"}],"replies":[{"embeddable":true,"href":"https:\/\/nvnoticias.mx\/index.php\/wp-json\/wp\/v2\/comments?post=144744"}],"version-history":[{"count":1,"href":"https:\/\/nvnoticias.mx\/index.php\/wp-json\/wp\/v2\/posts\/144744\/revisions"}],"predecessor-version":[{"id":144746,"href":"https:\/\/nvnoticias.mx\/index.php\/wp-json\/wp\/v2\/posts\/144744\/revisions\/144746"}],"wp:featuredmedia":[{"embeddable":true,"href":"https:\/\/nvnoticias.mx\/index.php\/wp-json\/wp\/v2\/media\/144745"}],"wp:attachment":[{"href":"https:\/\/nvnoticias.mx\/index.php\/wp-json\/wp\/v2\/media?parent=144744"}],"wp:term":[{"taxonomy":"category","embeddable":true,"href":"https:\/\/nvnoticias.mx\/index.php\/wp-json\/wp\/v2\/categories?post=144744"},{"taxonomy":"post_tag","embeddable":true,"href":"https:\/\/nvnoticias.mx\/index.php\/wp-json\/wp\/v2\/tags?post=144744"}],"curies":[{"name":"wp","href":"https:\/\/api.w.org\/{rel}","templated":true}]}}