{"id":144504,"date":"2024-03-29T11:09:28","date_gmt":"2024-03-29T17:09:28","guid":{"rendered":"https:\/\/nvnoticias.mx\/?p=144504"},"modified":"2024-03-29T11:09:30","modified_gmt":"2024-03-29T17:09:30","slug":"feligreses-realizan-el-viacrucis-por-calles-de-veracruz","status":"publish","type":"post","link":"https:\/\/nvnoticias.mx\/index.php\/2024\/03\/29\/feligreses-realizan-el-viacrucis-por-calles-de-veracruz\/","title":{"rendered":"Feligreses realizan el Viacrucis por calles de Veracruz"},"content":{"rendered":"\n<p><strong>Jes\u00fas Utrilla \/ NV Noticias<\/strong><\/p>\n\n\n\n<p>Se llev\u00f3 a cabo el viacrucis de la feligresia de la Catedral de Veracruz. El acto religioso que recuerda el camino de Jes\u00fas una vez que fue juzgado a muerte fue recordado a lo largo de catorce estaciones por fieles cat\u00f3licos con indumentaria. <\/p>\n\n\n\n<p>El viacrucis recorri\u00f3 desde El hotel Mar y Tierra, hasta pasar por el malec\u00f3n, Mario Molina hasta llegar a Catedral de Veracruz Nuestra Se\u00f1ora de la Asunci\u00f3n.<\/p>\n\n\n\n<p>El evento fue presidido por el obispo de la Di\u00f3cesis de Veracruz, Carlos Brise\u00f1o Arch, y Aurelio Mojica Lim\u00f3n, p\u00e1rroco de la Catedral.<\/p>\n\n\n\n<p>En cada estaci\u00f3n del Viacrucis, se detuvieron para realizar oraciones, reflexionando sobre el sufrimiento de Jes\u00fas y el significado de su sacrificio para la salvaci\u00f3n de la humanidad. <\/p>\n\n\n\n<p>Las palabras de los l\u00edderes religiosos, as\u00ed como la participaci\u00f3n activa de los fieles, crearon un ambiente de solemnidad y devoci\u00f3n que perme\u00f3 todo el evento.<\/p>\n\n\n\n<p>En un acto que evoca la devoci\u00f3n y la fe, la feligres\u00eda se reuni\u00f3 para conmemorar un ritual que recuerda el camino de Jes\u00fas hacia su crucifixi\u00f3n. <\/p>\n\n\n\n<p>Desde tempranas horas, los devotos se congregaron para iniciar el recorrido que abarcar\u00eda las catorce estaciones, cada una recordando un momento crucial en el camino de Jes\u00fas hacia su crucifixi\u00f3n. Con indumentaria apropiada y semblantes llenos de devoci\u00f3n, los fieles siguieron el trayecto.<\/p>\n\n\n\n<p>La presencia del obispo Brise\u00f1o Arch y el p\u00e1rroco Mojica Lim\u00f3n a\u00f1adi\u00f3 un significado especial al Viacrucis, reforzando la conexi\u00f3n entre la comunidad y la jerarqu\u00eda religiosa. Sus palabras de aliento y gu\u00eda espiritual fueron recibidas con gratitud y reverencia por parte de los fieles presentes.<\/p>\n\n\n\n<p>El recorrido culmin\u00f3 en la Catedral de Veracruz, donde los devotos se reunieron para concluir el Viacrucis con una \u00faltima oraci\u00f3n y momentos de reflexi\u00f3n. Adem\u00e1s de recordar el significado del sacrificio de Jes\u00fas, renovaron su compromiso con la fe y la comunidad.<\/p>\n\n\n\n<p>Fue un evento religioso y recordatorio de la importancia de la devoci\u00f3n y la solidaridad en tiempos de adversidad.<\/p>\n","protected":false},"excerpt":{"rendered":"<p>Jes\u00fas Utrilla \/ NV Noticias Se llev\u00f3 a cabo el viacrucis de la feligresia de la Catedral de Veracruz. El acto religioso que recuerda el camino de Jes\u00fas una vez que fue juzgado a muerte fue recordado a lo largo de catorce estaciones por fieles cat\u00f3licos con indumentaria. El viacrucis recorri\u00f3 desde El hotel Mar [&hellip;]<\/p>\n","protected":false},"author":8,"featured_media":144505,"comment_status":"open","ping_status":"open","sticky":false,"template":"","format":"standard","meta":{"_monsterinsights_skip_tracking":false,"_monsterinsights_sitenote_active":false,"_monsterinsights_sitenote_note":"","_monsterinsights_sitenote_category":0,"footnotes":""},"categories":[154],"tags":[162,180,2776],"class_list":["post-144504","post","type-post","status-publish","format-standard","has-post-thumbnail","hentry","category-veracruz","tag-portada","tag-veracruz","tag-viacrucis","wp-image-borders"],"amp_enabled":true,"_links":{"self":[{"href":"https:\/\/nvnoticias.mx\/index.php\/wp-json\/wp\/v2\/posts\/144504","targetHints":{"allow":["GET"]}}],"collection":[{"href":"https:\/\/nvnoticias.mx\/index.php\/wp-json\/wp\/v2\/posts"}],"about":[{"href":"https:\/\/nvnoticias.mx\/index.php\/wp-json\/wp\/v2\/types\/post"}],"author":[{"embeddable":true,"href":"https:\/\/nvnoticias.mx\/index.php\/wp-json\/wp\/v2\/users\/8"}],"replies":[{"embeddable":true,"href":"https:\/\/nvnoticias.mx\/index.php\/wp-json\/wp\/v2\/comments?post=144504"}],"version-history":[{"count":1,"href":"https:\/\/nvnoticias.mx\/index.php\/wp-json\/wp\/v2\/posts\/144504\/revisions"}],"predecessor-version":[{"id":144506,"href":"https:\/\/nvnoticias.mx\/index.php\/wp-json\/wp\/v2\/posts\/144504\/revisions\/144506"}],"wp:featuredmedia":[{"embeddable":true,"href":"https:\/\/nvnoticias.mx\/index.php\/wp-json\/wp\/v2\/media\/144505"}],"wp:attachment":[{"href":"https:\/\/nvnoticias.mx\/index.php\/wp-json\/wp\/v2\/media?parent=144504"}],"wp:term":[{"taxonomy":"category","embeddable":true,"href":"https:\/\/nvnoticias.mx\/index.php\/wp-json\/wp\/v2\/categories?post=144504"},{"taxonomy":"post_tag","embeddable":true,"href":"https:\/\/nvnoticias.mx\/index.php\/wp-json\/wp\/v2\/tags?post=144504"}],"curies":[{"name":"wp","href":"https:\/\/api.w.org\/{rel}","templated":true}]}}