{"id":144494,"date":"2024-03-28T13:19:29","date_gmt":"2024-03-28T19:19:29","guid":{"rendered":"https:\/\/nvnoticias.mx\/?p=144494"},"modified":"2024-03-28T13:19:30","modified_gmt":"2024-03-28T19:19:30","slug":"apoyara-la-iglesia-catolica-a-damnificados-de-las-altas-montanas","status":"publish","type":"post","link":"https:\/\/nvnoticias.mx\/index.php\/2024\/03\/28\/apoyara-la-iglesia-catolica-a-damnificados-de-las-altas-montanas\/","title":{"rendered":"Apoyar\u00e1 la Iglesia Cat\u00f3lica a damnificados de las altas monta\u00f1as"},"content":{"rendered":"\n<p><strong>Jes\u00fas Utrilla | NV Noticias<\/strong><\/p>\n\n\n\n<p>A trav\u00e9s de C\u00e1ritas, la Iglesia Cat\u00f3lica apoyar\u00e1 a los damnificados con los incendios en las altas monta\u00f1as. Carlos Brise\u00f1o Arch, obispo de la Di\u00f3cesis de Veracruz, se\u00f1al\u00f3 que cuando se vea ese tipo de hechos, debe primero esperarse a que se tenga una evaluaci\u00f3n para poder intervenir, sin embargo, a trav\u00e9s de los grupos mencionados se apoyar\u00e1 que les lo requieran.<\/p>\n\n\n\n<blockquote class=\"wp-block-quote is-layout-flow wp-block-quote-is-layout-flow\">\n<p>\u201cEstamos viendo de qu\u00e9 manera podemos apoyar a toda esa gente. Acu\u00e9rdense que a veces se dan los hechos pero tenemos que esperarnos a ver cu\u00e1les son las necesidades pero estamos viendo cu\u00e1l ser\u00e1 la estrategia y apoyar\u201d.<\/p>\n<\/blockquote>\n\n\n\n<p>En la zona de las altas monta\u00f1as se quemaron tres parroquias y cuatro rector\u00edas con los incendios de los \u00faltimos d\u00edas.<\/p>\n\n\n\n<blockquote class=\"wp-block-quote is-layout-flow wp-block-quote-is-layout-flow\">\n<p>\u201cHay que ser solidarios, orar por ellos y quienes est\u00e1n all\u00e1 que le echen ganas porque lo malo nos sirve para valorar las cosas buenas que tenemos\u201d.<\/p>\n<\/blockquote>\n\n\n\n<p>Sobre el inicio de las campa\u00f1as, el obispo llam\u00f3 a participar y seguir orando. Admiti\u00f3 que la polarizaci\u00f3n se da si uno la alimenta pero confi\u00f3 en que los mexicanos sepan convivir a pesar de las diferencias. La Iglesia Cat\u00f3lica llev\u00f3 a cabo la misa Crismal en la Catedral Nuestra Se\u00f1ora de la Asunci\u00f3n.<\/p>\n","protected":false},"excerpt":{"rendered":"<p>Jes\u00fas Utrilla | NV Noticias A trav\u00e9s de C\u00e1ritas, la Iglesia Cat\u00f3lica apoyar\u00e1 a los damnificados con los incendios en las altas monta\u00f1as. Carlos Brise\u00f1o Arch, obispo de la Di\u00f3cesis de Veracruz, se\u00f1al\u00f3 que cuando se vea ese tipo de hechos, debe primero esperarse a que se tenga una evaluaci\u00f3n para poder intervenir, sin embargo, [&hellip;]<\/p>\n","protected":false},"author":35,"featured_media":81704,"comment_status":"open","ping_status":"open","sticky":false,"template":"","format":"standard","meta":{"_monsterinsights_skip_tracking":false,"_monsterinsights_sitenote_active":false,"_monsterinsights_sitenote_note":"","_monsterinsights_sitenote_category":0,"footnotes":""},"categories":[154],"tags":[29734,5760,2708],"class_list":["post-144494","post","type-post","status-publish","format-standard","has-post-thumbnail","hentry","category-veracruz","tag-altas-montanas","tag-damnificados","tag-iglesia-catolica","wp-image-borders"],"amp_enabled":true,"_links":{"self":[{"href":"https:\/\/nvnoticias.mx\/index.php\/wp-json\/wp\/v2\/posts\/144494","targetHints":{"allow":["GET"]}}],"collection":[{"href":"https:\/\/nvnoticias.mx\/index.php\/wp-json\/wp\/v2\/posts"}],"about":[{"href":"https:\/\/nvnoticias.mx\/index.php\/wp-json\/wp\/v2\/types\/post"}],"author":[{"embeddable":true,"href":"https:\/\/nvnoticias.mx\/index.php\/wp-json\/wp\/v2\/users\/35"}],"replies":[{"embeddable":true,"href":"https:\/\/nvnoticias.mx\/index.php\/wp-json\/wp\/v2\/comments?post=144494"}],"version-history":[{"count":1,"href":"https:\/\/nvnoticias.mx\/index.php\/wp-json\/wp\/v2\/posts\/144494\/revisions"}],"predecessor-version":[{"id":144495,"href":"https:\/\/nvnoticias.mx\/index.php\/wp-json\/wp\/v2\/posts\/144494\/revisions\/144495"}],"wp:featuredmedia":[{"embeddable":true,"href":"https:\/\/nvnoticias.mx\/index.php\/wp-json\/wp\/v2\/media\/81704"}],"wp:attachment":[{"href":"https:\/\/nvnoticias.mx\/index.php\/wp-json\/wp\/v2\/media?parent=144494"}],"wp:term":[{"taxonomy":"category","embeddable":true,"href":"https:\/\/nvnoticias.mx\/index.php\/wp-json\/wp\/v2\/categories?post=144494"},{"taxonomy":"post_tag","embeddable":true,"href":"https:\/\/nvnoticias.mx\/index.php\/wp-json\/wp\/v2\/tags?post=144494"}],"curies":[{"name":"wp","href":"https:\/\/api.w.org\/{rel}","templated":true}]}}