{"id":144435,"date":"2024-03-28T09:12:00","date_gmt":"2024-03-28T15:12:00","guid":{"rendered":"https:\/\/nvnoticias.mx\/?p=144435"},"modified":"2024-03-28T02:12:51","modified_gmt":"2024-03-28T08:12:51","slug":"termina-pedro-pascal-de-filmar-sus-ultimas-escenas-para-the-last-of-us","status":"publish","type":"post","link":"https:\/\/nvnoticias.mx\/index.php\/2024\/03\/28\/termina-pedro-pascal-de-filmar-sus-ultimas-escenas-para-the-last-of-us\/","title":{"rendered":"Termina Pedro Pascal de filmar sus \u00faltimas escenas para &#8216;The Last of Us&#8217;"},"content":{"rendered":"\n<p>Hace poco m\u00e1s de un a\u00f1o atr\u00e1s se estren\u00f3 la serie basada en<em><strong>&nbsp;The Last of Us<\/strong><\/em>&nbsp;producida por&nbsp;<strong>HBO<\/strong>, la cual ha gustado a todo tipo de p\u00fablico por el hecho de que se hizo lo m\u00e1s fiel posible al videojuego desarrollado por&nbsp;<strong>Naughty Dog,<\/strong>&nbsp;as\u00ed como la suma de escenas adicionales que ayudaron a nutrir la historia. Y claro, el \u00e9xito de la misma se debe en parte al elenco que ha dado vida a los personajes, siendo&nbsp;<strong>Pedro Pascal<\/strong>&nbsp;quien ha sorprendido a propios y extra\u00f1os con su interpretaci\u00f3n de<strong>&nbsp;Joel Miller.<\/strong><\/p>\n\n\n\n<p>\u00a0La temporada 2 de la serie se est\u00e1 filmando actualmente en la provincia canadiense de Columbia Brit\u00e1nica y, seg\u00fan se informa, el tambi\u00e9n actor de\u00a0<strong>Mando<\/strong>\u00a0en\u00a0<em><strong>The Mandalorian,<\/strong><\/em>\u00a0termin\u00f3 todas sus partes solo un mes despu\u00e9s de que comenzaran a hacer el trabajo en los sets. Eso da un mensaje bastante claro, a los usuarios que conocen la historia del segundo juego, y por qu\u00e9 no vamos a ver muchas escenas en las que tan entra\u00f1able personaje tenga participaci\u00f3n activa.<\/p>\n\n\n\n<p>Entre los rumores se habla de que se le ha dado prioridad a las escenas de&nbsp;<strong>Pascal<\/strong>&nbsp;para que se ponga de inmediato a trabajar en sus pr\u00f3ximos proyectos grandes, eso incluye el papel que le dieron hace no mucho como&nbsp;<strong>Reed Richards<\/strong>, quien es el hombre el\u00e1stico de los<em><strong>&nbsp;Cuatro Fant\u00e1sticos<\/strong><\/em>&nbsp;de&nbsp;<strong>Marvel<\/strong>. Aunque otras personas no tienen duda de lo que ha pasado con el actor, y del triste desenlace que tendr\u00e1 el personaje en la segunda temporada de esta adaptaci\u00f3n a pantalla chica.<\/p>\n\n\n\n<h2 class=\"wp-block-heading\">\u00a1SPOILERS!<\/h2>\n\n\n\n<p>Para quien ya jug\u00f3 el t\u00edtulo de 2020 que por cierto, tuvo un remaster este mismo a\u00f1o. Al inicio de&nbsp;<em><strong>The Last of Us Part II<\/strong><\/em>&nbsp;se da el acontecimiento m\u00e1s fuerte del juego, y eso es justamente la muerte de Joel a manos de Abby, pues ella es ni m\u00e1s ni menos que la hija del m\u00e9dico que iba a operar a Ellie en la primera parte, el cual solamente tuvo la mala suerte de interponerse en el camino del protagonista para salvar a su hija adoptiva cuando la intent\u00f3 salvar. Y que en un inicio no ten\u00eda mucho peso en la trama.<\/p>\n\n\n\n<p>Tras eso, Abby se entera de qui\u00e9n ha sido y emprendi\u00f3 un viaje para vengarse de quien termin\u00f3 con su padre, y tambi\u00e9n para hacer la redenci\u00f3n de las luci\u00e9rnagas, el grupo que quer\u00eda salvar el mundo con la vacuna que iban a extraer de Ellie. Eso nos lleva a la serie de HBO, pues entonces seremos testigos de esto mismo, la ca\u00edda de Pascal en pantalla a causa de una tortura por parte de este nuevo personaje.<\/p>\n\n\n\n<p>Por ahora no se conoce la fecha de estreno de la segunda temporada de&nbsp;<em><strong>The Last of Us,<\/strong><\/em>&nbsp;solo que llegar\u00e1 en&nbsp;<strong>2025<\/strong>.<\/p>\n","protected":false},"excerpt":{"rendered":"<p>Hace poco m\u00e1s de un a\u00f1o atr\u00e1s se estren\u00f3 la serie basada en&nbsp;The Last of Us&nbsp;producida por&nbsp;HBO, la cual ha gustado a todo tipo de p\u00fablico por el hecho de que se hizo lo m\u00e1s fiel posible al videojuego desarrollado por&nbsp;Naughty Dog,&nbsp;as\u00ed como la suma de escenas adicionales que ayudaron a nutrir la historia. Y [&hellip;]<\/p>\n","protected":false},"author":35,"featured_media":90488,"comment_status":"open","ping_status":"open","sticky":false,"template":"","format":"standard","meta":{"_monsterinsights_skip_tracking":false,"_monsterinsights_sitenote_active":false,"_monsterinsights_sitenote_note":"","_monsterinsights_sitenote_category":0,"footnotes":""},"categories":[576],"tags":[29466,22560],"class_list":["post-144435","post","type-post","status-publish","format-standard","has-post-thumbnail","hentry","category-ocio","tag-pedro-pascal","tag-the-last-of-us","wp-image-borders"],"amp_enabled":true,"_links":{"self":[{"href":"https:\/\/nvnoticias.mx\/index.php\/wp-json\/wp\/v2\/posts\/144435","targetHints":{"allow":["GET"]}}],"collection":[{"href":"https:\/\/nvnoticias.mx\/index.php\/wp-json\/wp\/v2\/posts"}],"about":[{"href":"https:\/\/nvnoticias.mx\/index.php\/wp-json\/wp\/v2\/types\/post"}],"author":[{"embeddable":true,"href":"https:\/\/nvnoticias.mx\/index.php\/wp-json\/wp\/v2\/users\/35"}],"replies":[{"embeddable":true,"href":"https:\/\/nvnoticias.mx\/index.php\/wp-json\/wp\/v2\/comments?post=144435"}],"version-history":[{"count":3,"href":"https:\/\/nvnoticias.mx\/index.php\/wp-json\/wp\/v2\/posts\/144435\/revisions"}],"predecessor-version":[{"id":144438,"href":"https:\/\/nvnoticias.mx\/index.php\/wp-json\/wp\/v2\/posts\/144435\/revisions\/144438"}],"wp:featuredmedia":[{"embeddable":true,"href":"https:\/\/nvnoticias.mx\/index.php\/wp-json\/wp\/v2\/media\/90488"}],"wp:attachment":[{"href":"https:\/\/nvnoticias.mx\/index.php\/wp-json\/wp\/v2\/media?parent=144435"}],"wp:term":[{"taxonomy":"category","embeddable":true,"href":"https:\/\/nvnoticias.mx\/index.php\/wp-json\/wp\/v2\/categories?post=144435"},{"taxonomy":"post_tag","embeddable":true,"href":"https:\/\/nvnoticias.mx\/index.php\/wp-json\/wp\/v2\/tags?post=144435"}],"curies":[{"name":"wp","href":"https:\/\/api.w.org\/{rel}","templated":true}]}}