{"id":144300,"date":"2024-03-27T12:09:12","date_gmt":"2024-03-27T18:09:12","guid":{"rendered":"https:\/\/nvnoticias.mx\/?p=144300"},"modified":"2024-03-27T12:09:14","modified_gmt":"2024-03-27T18:09:14","slug":"empresarias-en-veracruz-abogan-por-mejores-condiciones-laborales-para-las-mujeres","status":"publish","type":"post","link":"https:\/\/nvnoticias.mx\/index.php\/2024\/03\/27\/empresarias-en-veracruz-abogan-por-mejores-condiciones-laborales-para-las-mujeres\/","title":{"rendered":"Empresarias en Veracruz abogan por mejores condiciones laborales para las mujeres"},"content":{"rendered":"\n<p><strong>Jes\u00fas Utrilla \/ NV Noticias<\/strong><\/p>\n\n\n\n<p>La presidenta de la Uni\u00f3n Social de Empresarios de M\u00e9xico (USEM) en Veracruz, Ana Mar\u00eda Mac\u00edas Ju\u00e1rez, consider\u00f3 viable que M\u00e9xico tenga una mujer en la Presidencia de la Rep\u00fablica. <\/p>\n\n\n\n<p>En su opini\u00f3n, es un paso necesario para el pa\u00eds, pero tambi\u00e9n implica una gran responsabilidad para implementar reformas que impulsen el desarrollo y la igualdad de oportunidades para las mujeres mexicanas.<\/p>\n\n\n\n<p>Mac\u00edas Ju\u00e1rez enfatiz\u00f3 la importancia de generar condiciones laborales m\u00e1s favorables para las mujeres, incluyendo mejores salarios, prestaciones y servicios como guarder\u00edas y espacios para el cuidado de los hijos mientras ellas trabajan. Seg\u00fan ella, es esencial garantizar que las mujeres puedan desempe\u00f1ar sus funciones sin sentirse marginadas o limitadas por su g\u00e9nero.<\/p>\n\n\n\n<p>La l\u00edder empresarial destac\u00f3 que las mujeres desempe\u00f1an un papel fundamental en la econom\u00eda mexicana, liderando la mayor\u00eda de las micro, peque\u00f1as y medianas empresas (MIPYMES). <\/p>\n\n\n\n<p>Adem\u00e1s, se\u00f1al\u00f3 que el 95% de los cr\u00e9ditos otorgados a mujeres son pagados puntualmente, lo que demuestra su compromiso y capacidad para contribuir al desarrollo econ\u00f3mico del pa\u00eds.<\/p>\n\n\n\n<p>En este sentido, Mac\u00edas Ju\u00e1rez hizo hincapi\u00e9 en la importancia de promover el emprendimiento femenino y crear oportunidades de crecimiento en diversos sectores, incluyendo ingenier\u00eda, ciencia e innovaci\u00f3n.<\/p>\n\n\n\n<p>Los diferentes sectores empresariales en Veracruz est\u00e1n trabajando para dignificar el papel de las mujeres en el \u00e1mbito laboral y mejorar las condiciones salariales de aquellas que ocupan posiciones de liderazgo. <\/p>\n\n\n\n<p>Se busca promover la equidad de g\u00e9nero en todas las esferas de la sociedad mexicana, asegurando que todas las personas tengan las mismas oportunidades, siempre y cuando cuenten con las competencias y habilidades necesarias.<\/p>\n","protected":false},"excerpt":{"rendered":"<p>Jes\u00fas Utrilla \/ NV Noticias La presidenta de la Uni\u00f3n Social de Empresarios de M\u00e9xico (USEM) en Veracruz, Ana Mar\u00eda Mac\u00edas Ju\u00e1rez, consider\u00f3 viable que M\u00e9xico tenga una mujer en la Presidencia de la Rep\u00fablica. En su opini\u00f3n, es un paso necesario para el pa\u00eds, pero tambi\u00e9n implica una gran responsabilidad para implementar reformas que [&hellip;]<\/p>\n","protected":false},"author":8,"featured_media":144303,"comment_status":"open","ping_status":"open","sticky":false,"template":"","format":"standard","meta":{"_monsterinsights_skip_tracking":false,"_monsterinsights_sitenote_active":false,"_monsterinsights_sitenote_note":"","_monsterinsights_sitenote_category":0,"footnotes":""},"categories":[154],"tags":[11842,26298,573],"class_list":["post-144300","post","type-post","status-publish","format-standard","has-post-thumbnail","hentry","category-veracruz","tag-condiciones-laborales","tag-empresarias","tag-mujeres","wp-image-borders"],"amp_enabled":true,"_links":{"self":[{"href":"https:\/\/nvnoticias.mx\/index.php\/wp-json\/wp\/v2\/posts\/144300","targetHints":{"allow":["GET"]}}],"collection":[{"href":"https:\/\/nvnoticias.mx\/index.php\/wp-json\/wp\/v2\/posts"}],"about":[{"href":"https:\/\/nvnoticias.mx\/index.php\/wp-json\/wp\/v2\/types\/post"}],"author":[{"embeddable":true,"href":"https:\/\/nvnoticias.mx\/index.php\/wp-json\/wp\/v2\/users\/8"}],"replies":[{"embeddable":true,"href":"https:\/\/nvnoticias.mx\/index.php\/wp-json\/wp\/v2\/comments?post=144300"}],"version-history":[{"count":1,"href":"https:\/\/nvnoticias.mx\/index.php\/wp-json\/wp\/v2\/posts\/144300\/revisions"}],"predecessor-version":[{"id":144304,"href":"https:\/\/nvnoticias.mx\/index.php\/wp-json\/wp\/v2\/posts\/144300\/revisions\/144304"}],"wp:featuredmedia":[{"embeddable":true,"href":"https:\/\/nvnoticias.mx\/index.php\/wp-json\/wp\/v2\/media\/144303"}],"wp:attachment":[{"href":"https:\/\/nvnoticias.mx\/index.php\/wp-json\/wp\/v2\/media?parent=144300"}],"wp:term":[{"taxonomy":"category","embeddable":true,"href":"https:\/\/nvnoticias.mx\/index.php\/wp-json\/wp\/v2\/categories?post=144300"},{"taxonomy":"post_tag","embeddable":true,"href":"https:\/\/nvnoticias.mx\/index.php\/wp-json\/wp\/v2\/tags?post=144300"}],"curies":[{"name":"wp","href":"https:\/\/api.w.org\/{rel}","templated":true}]}}