{"id":14427,"date":"2021-05-27T12:40:45","date_gmt":"2021-05-27T17:40:45","guid":{"rendered":"https:\/\/nvnoticias.mx\/?p=14427"},"modified":"2021-05-27T12:40:45","modified_gmt":"2021-05-27T17:40:45","slug":"aaron-taylor-johnson-sera-kraven-el-cazador","status":"publish","type":"post","link":"https:\/\/nvnoticias.mx\/index.php\/2021\/05\/27\/aaron-taylor-johnson-sera-kraven-el-cazador\/","title":{"rendered":"Aaron Taylor-Johnson ser\u00e1 Kraven, el Cazador"},"content":{"rendered":"\n<h2 class=\"wp-block-heading\">El joven actor personificar\u00e1 al villano de Spider-Man en su propia pel\u00edcula.<\/h2>\n\n\n\n<p>Desde que <strong>Marvel Studios y Sony<\/strong> llegaron a un acuerdo compartido respecto a los derechos cinematogr\u00e1ficos de los personajes relacionados con <em><strong>Spider-Man<\/strong><\/em>, esta \u00faltima productora ha estado desarrollando proyectos <strong>explorando el origen de los populares villanos del trepa-muros.<\/strong> Fue as\u00ed como tuvimos la cinta en solitario de <em><strong>Venom<\/strong><\/em> y pr\u00f3ximamente <em><strong>Morbius<\/strong><\/em>, protagonizada por Jared Leto.<\/p>\n\n\n\n<p>Ahora, quien se une al <strong><em>Sony Universe of Marvel Characthers<\/em><\/strong> en expansi\u00f3n ser\u00e1 el popular personaje de <strong>Kraven, el Cazador<\/strong>, <strong>creado en 1964 por\u00a0Stan Lee\u00a0y\u00a0Steve Ditko <\/strong>siendo un cazador letal proveniente de Rusia, que buscaba acabar con el Hombre Ara\u00f1a para demostrar que \u00e9l era realmente el mejor.<\/p>\n\n\n\n<figure class=\"wp-block-image size-large\"><img loading=\"lazy\" decoding=\"async\" width=\"1024\" height=\"682\" src=\"https:\/\/nvnoticias.mx\/wp-content\/uploads\/2021\/05\/E2WKGaiUYAE_5ns-1024x682.jpeg\" alt=\"\" class=\"wp-image-14434\" srcset=\"https:\/\/nvnoticias.mx\/wp-content\/uploads\/2021\/05\/E2WKGaiUYAE_5ns-1024x682.jpeg 1024w, https:\/\/nvnoticias.mx\/wp-content\/uploads\/2021\/05\/E2WKGaiUYAE_5ns-300x200.jpeg 300w, https:\/\/nvnoticias.mx\/wp-content\/uploads\/2021\/05\/E2WKGaiUYAE_5ns-768x512.jpeg 768w, https:\/\/nvnoticias.mx\/wp-content\/uploads\/2021\/05\/E2WKGaiUYAE_5ns-1536x1024.jpeg 1536w, https:\/\/nvnoticias.mx\/wp-content\/uploads\/2021\/05\/E2WKGaiUYAE_5ns.jpeg 2000w\" sizes=\"auto, (max-width: 1024px) 100vw, 1024px\" \/><figcaption>Foto: Twitter<\/figcaption><\/figure>\n\n\n\n<p>El proyecto fue hojeado por Sony desde hace algunos a\u00f1os, siendo un considerado para aparecer en una de las secuelas de <em><strong>The Amazing Spider-Man<\/strong><\/em> del 2014, finalmente  tuvo luz verde y ser\u00e1 protagonizado por <strong>Aaron Taylor-Johnson<\/strong>, estelar de <em><strong>Kick-Ass<\/strong><\/em>, <em><strong>Godzilla<\/strong><\/em> de 2014 y a quien pudimos ver como <strong>Pietro Maximoff \/ Quicksilver<\/strong> en <strong><em>Avengers: Age of Ultron<\/em><\/strong> dentro del <strong>Universo Cinematogr\u00e1fico de Marvel.<\/strong><\/p>\n\n\n\n<p>La lista de candidatos para interpretar al feroz depredador de las vi\u00f1etas e inclu\u00eda a personalidades como <strong>Brad Pitt, John David Washington, Adam Driver<\/strong> y, quien se postulaba como el favorito, <strong>Keanu Reeves<\/strong>. Sin embargo, luego de que los ejecutivos de Sony vieran la interpretaci\u00f3n de Aaron Taylor-Johnson en <em><strong>Bullet Train<\/strong><\/em>, decidieron ficharlo como el protagonista.<\/p>\n\n\n\n<figure class=\"wp-block-image size-large\"><img loading=\"lazy\" decoding=\"async\" width=\"765\" height=\"430\" src=\"https:\/\/nvnoticias.mx\/wp-content\/uploads\/2021\/05\/E2WIL-JVcAIjoWJ-1.jpeg\" alt=\"\" class=\"wp-image-14436\" srcset=\"https:\/\/nvnoticias.mx\/wp-content\/uploads\/2021\/05\/E2WIL-JVcAIjoWJ-1.jpeg 765w, https:\/\/nvnoticias.mx\/wp-content\/uploads\/2021\/05\/E2WIL-JVcAIjoWJ-1-300x169.jpeg 300w, https:\/\/nvnoticias.mx\/wp-content\/uploads\/2021\/05\/E2WIL-JVcAIjoWJ-1-600x337.jpeg 600w\" sizes=\"auto, (max-width: 765px) 100vw, 765px\" \/><figcaption>Foto: Twitter<\/figcaption><\/figure>\n\n\n\n<p><strong>Kraven<\/strong> a\u00fan se encuentra en pre-producci\u00f3n y sin una fecha de estreno establecida. No obstante, las pel\u00edculas estelarizadas por villanos de <em>Spider-Man<\/em> no se detienen, teniendo en puerta a la secuela de Venom,<strong><em> Let There Be Carnage<\/em><\/strong>, para septiembre de este a\u00f1o y <em><strong>Morbius <\/strong><\/em>fechada para alg\u00fan punto del 2022.<\/p>\n","protected":false},"excerpt":{"rendered":"<p>El joven actor personificar\u00e1 al villano de Spider-Man en su propia pel\u00edcula. Desde que Marvel Studios y Sony llegaron a un acuerdo compartido respecto a los derechos cinematogr\u00e1ficos de los personajes relacionados con Spider-Man, esta \u00faltima productora ha estado desarrollando proyectos explorando el origen de los populares villanos del trepa-muros. Fue as\u00ed como tuvimos la [&hellip;]<\/p>\n","protected":false},"author":35,"featured_media":14435,"comment_status":"open","ping_status":"open","sticky":false,"template":"","format":"standard","meta":{"_monsterinsights_skip_tracking":false,"_monsterinsights_sitenote_active":false,"_monsterinsights_sitenote_note":"","_monsterinsights_sitenote_category":0,"footnotes":""},"categories":[576],"tags":[4000,3518,1874,3496,4002,4003,1887,3384,4004,820,1704,3390,3385,3383,3588,3591,3590],"class_list":["post-14427","post","type-post","status-publish","format-standard","has-post-thumbnail","hentry","category-ocio","tag-aaron-taylor-johnson","tag-comics","tag-hollywood","tag-hombre-arana","tag-kraven","tag-kraven-el-cazador","tag-marvel","tag-marvel-studios","tag-morbius","tag-peliculas","tag-sony","tag-spider-man","tag-superheroes","tag-universo-cinematografico-de-marvel","tag-venom","tag-venom-carnage-liberado","tag-venom-let-the-be-carnage","wp-image-borders"],"amp_enabled":true,"_links":{"self":[{"href":"https:\/\/nvnoticias.mx\/index.php\/wp-json\/wp\/v2\/posts\/14427","targetHints":{"allow":["GET"]}}],"collection":[{"href":"https:\/\/nvnoticias.mx\/index.php\/wp-json\/wp\/v2\/posts"}],"about":[{"href":"https:\/\/nvnoticias.mx\/index.php\/wp-json\/wp\/v2\/types\/post"}],"author":[{"embeddable":true,"href":"https:\/\/nvnoticias.mx\/index.php\/wp-json\/wp\/v2\/users\/35"}],"replies":[{"embeddable":true,"href":"https:\/\/nvnoticias.mx\/index.php\/wp-json\/wp\/v2\/comments?post=14427"}],"version-history":[{"count":1,"href":"https:\/\/nvnoticias.mx\/index.php\/wp-json\/wp\/v2\/posts\/14427\/revisions"}],"predecessor-version":[{"id":14437,"href":"https:\/\/nvnoticias.mx\/index.php\/wp-json\/wp\/v2\/posts\/14427\/revisions\/14437"}],"wp:featuredmedia":[{"embeddable":true,"href":"https:\/\/nvnoticias.mx\/index.php\/wp-json\/wp\/v2\/media\/14435"}],"wp:attachment":[{"href":"https:\/\/nvnoticias.mx\/index.php\/wp-json\/wp\/v2\/media?parent=14427"}],"wp:term":[{"taxonomy":"category","embeddable":true,"href":"https:\/\/nvnoticias.mx\/index.php\/wp-json\/wp\/v2\/categories?post=14427"},{"taxonomy":"post_tag","embeddable":true,"href":"https:\/\/nvnoticias.mx\/index.php\/wp-json\/wp\/v2\/tags?post=14427"}],"curies":[{"name":"wp","href":"https:\/\/api.w.org\/{rel}","templated":true}]}}