{"id":144190,"date":"2024-03-26T16:02:43","date_gmt":"2024-03-26T22:02:43","guid":{"rendered":"https:\/\/nvnoticias.mx\/?p=144190"},"modified":"2024-03-26T16:02:45","modified_gmt":"2024-03-26T22:02:45","slug":"muestra-disney-el-regreso-de-selena-gomez-en-los-magos-de-waverly-place","status":"publish","type":"post","link":"https:\/\/nvnoticias.mx\/index.php\/2024\/03\/26\/muestra-disney-el-regreso-de-selena-gomez-en-los-magos-de-waverly-place\/","title":{"rendered":"Muestra Disney el regreso de Selena Gomez en Los magos de Waverly Place"},"content":{"rendered":"\n<p>La nostalgia de miles de personas aflor\u00f3 a principios de este a\u00f1o por culpa del anuncio que hizo el actor&nbsp;<strong>David Henrie<\/strong>. El encargado del personaje Justin, uno de los protagonistas de Los magos de Waverly Place,&nbsp;<strong>adelant\u00f3 el regreso de la m\u00e1gica historia<\/strong>.<\/p>\n\n\n\n<p>Las palabras de David Henrie llegaron acompa\u00f1adas de m\u00faltiples detalles que&nbsp;<strong>no han sido confirmados por parte de Disney<\/strong>. El estudio ha vuelto, pero no para hablar de esos detalles, sino para hacer suspirar a los fans. Para ello, comparti\u00f3 en la cuenta oficial de&nbsp;X\/Twitter&nbsp;de su plataforma de streaming&nbsp;<strong>la primera fotograf\u00eda oficial del regreso de Henrie y Selena Gomez en la nueva serie de Los magos de Waverly Place<\/strong>.<\/p>\n\n\n\n<p>La imagen no es la \u00fanica novedad: &#8220;Haciendo magia, antes y ahora.&nbsp;<strong>\u00a1La nueva serie de Los magos de Waverly Place llegar\u00e1 este oto\u00f1o!<\/strong>&#8220;. Hasta ahora, s\u00f3lo se sab\u00eda que la serie iba a hacer su debut este mismo a\u00f1o.<\/p>\n\n\n\n<p>La trama de la nueva serie de Disney sigue bajo llave&#8230; aunque&nbsp;<strong>hay informes que se han encargado de sacarla a la luz<\/strong>. Seg\u00fan estos, Justin deber\u00e1 dejar su vida normal a un lado para intentar salvar el Mundo M\u00e1gico, todo mientras&nbsp;<strong>entrena a una poderosa y misteriosa maga que acaba en su casa<\/strong>.<\/p>\n\n\n\n<p>Mientras que\u00a0<strong>Gomez\u00a0regresar\u00eda s\u00f3lo para el primer episodio<\/strong>, la nueva serie de Los magos de Waverly Place estar\u00eda protagonizada por el propio Henrie, Janice LeAnn Brown, Alkaio Thiele y Mimi Gianopulos.\u00a0<strong>Brown ser\u00eda la encargada de interpretar a la joven maga Billie<\/strong>, con Thiele y Gianopulos interpretando respectivamente al hijo mayor y a la esposa de Justin.<\/p>\n\n\n\n<p>Si no has visto Los magos de Waverly Place y quieres ponerte al d\u00eda, debes saber que\u00a0<strong>todas sus temporadas se encuentran disponibles en\u00a0Disney+<\/strong>, as\u00ed como su pel\u00edcula y su especial.<\/p>\n","protected":false},"excerpt":{"rendered":"<p>La nostalgia de miles de personas aflor\u00f3 a principios de este a\u00f1o por culpa del anuncio que hizo el actor&nbsp;David Henrie. El encargado del personaje Justin, uno de los protagonistas de Los magos de Waverly Place,&nbsp;adelant\u00f3 el regreso de la m\u00e1gica historia. Las palabras de David Henrie llegaron acompa\u00f1adas de m\u00faltiples detalles que&nbsp;no han sido [&hellip;]<\/p>\n","protected":false},"author":35,"featured_media":144197,"comment_status":"open","ping_status":"open","sticky":false,"template":"","format":"standard","meta":{"_monsterinsights_skip_tracking":false,"_monsterinsights_sitenote_active":false,"_monsterinsights_sitenote_note":"","_monsterinsights_sitenote_category":0,"footnotes":""},"categories":[576],"tags":[126,24207],"class_list":["post-144190","post","type-post","status-publish","format-standard","has-post-thumbnail","hentry","category-ocio","tag-selena-gomez","tag-wizards-of-waverly-place","wp-image-borders"],"amp_enabled":true,"_links":{"self":[{"href":"https:\/\/nvnoticias.mx\/index.php\/wp-json\/wp\/v2\/posts\/144190","targetHints":{"allow":["GET"]}}],"collection":[{"href":"https:\/\/nvnoticias.mx\/index.php\/wp-json\/wp\/v2\/posts"}],"about":[{"href":"https:\/\/nvnoticias.mx\/index.php\/wp-json\/wp\/v2\/types\/post"}],"author":[{"embeddable":true,"href":"https:\/\/nvnoticias.mx\/index.php\/wp-json\/wp\/v2\/users\/35"}],"replies":[{"embeddable":true,"href":"https:\/\/nvnoticias.mx\/index.php\/wp-json\/wp\/v2\/comments?post=144190"}],"version-history":[{"count":5,"href":"https:\/\/nvnoticias.mx\/index.php\/wp-json\/wp\/v2\/posts\/144190\/revisions"}],"predecessor-version":[{"id":144196,"href":"https:\/\/nvnoticias.mx\/index.php\/wp-json\/wp\/v2\/posts\/144190\/revisions\/144196"}],"wp:featuredmedia":[{"embeddable":true,"href":"https:\/\/nvnoticias.mx\/index.php\/wp-json\/wp\/v2\/media\/144197"}],"wp:attachment":[{"href":"https:\/\/nvnoticias.mx\/index.php\/wp-json\/wp\/v2\/media?parent=144190"}],"wp:term":[{"taxonomy":"category","embeddable":true,"href":"https:\/\/nvnoticias.mx\/index.php\/wp-json\/wp\/v2\/categories?post=144190"},{"taxonomy":"post_tag","embeddable":true,"href":"https:\/\/nvnoticias.mx\/index.php\/wp-json\/wp\/v2\/tags?post=144190"}],"curies":[{"name":"wp","href":"https:\/\/api.w.org\/{rel}","templated":true}]}}