{"id":144125,"date":"2024-03-26T11:44:43","date_gmt":"2024-03-26T17:44:43","guid":{"rendered":"https:\/\/nvnoticias.mx\/?p=144125"},"modified":"2024-03-26T11:44:45","modified_gmt":"2024-03-26T17:44:45","slug":"mexico-celebra-resolucion-de-la-onu-en-gaza","status":"publish","type":"post","link":"https:\/\/nvnoticias.mx\/index.php\/2024\/03\/26\/mexico-celebra-resolucion-de-la-onu-en-gaza\/","title":{"rendered":"M\u00e9xico celebra resoluci\u00f3n de la ONU en Gaza"},"content":{"rendered":"\n<p>Tras meses de &#8220;silencio ensordecedor&#8221;, el Consejo de Seguridad de la\u00a0<strong>ONU\u00a0<\/strong>exigi\u00f3 este lunes un &#8220;alto el fuego inmediato&#8221; en\u00a0<strong>Gaza<\/strong>, un llamamiento bloqueado varias veces por Estados Unidos, que en esta ocasi\u00f3n se abstuvo, enfureciendo a su aliado israel\u00ed.<\/p>\n\n\n\n<p>La resoluci\u00f3n, adoptada entre aplausos por 14 votos a favor y una abstenci\u00f3n, &#8220;exige un alto el fuego inmediato para el mes de Ramad\u00e1n&#8221; que conduzca a una tregua duradera, y &#8220;exige la liberaci\u00f3n inmediata e incondicional de todos los rehenes&#8221;.<\/p>\n\n\n\n<p>&#8220;Este ba\u00f1o de sangre ha durado demasiado tiempo (&#8230;) Al fin, el Consejo de Seguridad asume su responsabilidad&#8221;, dijo el embajador argelino Amar Bendjama, uno de los promotores de la iniciativa.<\/p>\n\n\n\n<p><\/p>\n\n\n\n<h2 class=\"wp-block-heading\">Gobierno de M\u00e9xico celebra resoluci\u00f3n de la ONU<\/h2>\n\n\n\n<p>El Gobierno de M\u00e9xico a trav\u00e9s de la Secretar\u00eda de Relaciones Exteriores (SRE), salud\u00f3 la adopci\u00f3n de la resoluci\u00f3n 2728 del Consejo de Seguridad de la ONU sobre la situaci\u00f3n en Medio Oriente QUE exige un alto el fuego durante el mes de Ramad\u00e1n, la liberaci\u00f3n inmediata e incondicional de los rehenes y la necesidad de ampliar el flujo de asistencia a los civiles en la Franja de Gaza.<\/p>\n\n\n\n<blockquote class=\"wp-block-quote is-layout-flow wp-block-quote-is-layout-flow\">\n<p>\u201cM\u00e9xico hace un llamado a las partes en el conflicto a dar pleno cumplimiento a esta resoluci\u00f3n, con el fin \u00faltimo de avanzar hacia la paz sostenible y duradera\u201d, dijo.<\/p>\n<\/blockquote>\n\n\n\n<p>Fuente:<a href=\"https:\/\/www.eluniversal.com.mx\/nacion\/mexico-celebra-resolucion-de-la-onu-en-gaza-que-exige-alto-al-fuego-durante-el-ramadan\/\" data-type=\"link\" data-id=\"https:\/\/www.eluniversal.com.mx\/nacion\/mexico-celebra-resolucion-de-la-onu-en-gaza-que-exige-alto-al-fuego-durante-el-ramadan\/\"> El Universal<\/a> <\/p>\n","protected":false},"excerpt":{"rendered":"<p>Tras meses de &#8220;silencio ensordecedor&#8221;, el Consejo de Seguridad de la\u00a0ONU\u00a0exigi\u00f3 este lunes un &#8220;alto el fuego inmediato&#8221; en\u00a0Gaza, un llamamiento bloqueado varias veces por Estados Unidos, que en esta ocasi\u00f3n se abstuvo, enfureciendo a su aliado israel\u00ed. La resoluci\u00f3n, adoptada entre aplausos por 14 votos a favor y una abstenci\u00f3n, &#8220;exige un alto el [&hellip;]<\/p>\n","protected":false},"author":35,"featured_media":60062,"comment_status":"open","ping_status":"open","sticky":false,"template":"","format":"standard","meta":{"_monsterinsights_skip_tracking":false,"_monsterinsights_sitenote_active":false,"_monsterinsights_sitenote_note":"","_monsterinsights_sitenote_category":0,"footnotes":""},"categories":[157],"tags":[9689,3572,292,513],"class_list":["post-144125","post","type-post","status-publish","format-standard","has-post-thumbnail","hentry","category-nacional","tag-celebra","tag-franja-de-gaza","tag-mexico","tag-onu","wp-image-borders"],"amp_enabled":true,"_links":{"self":[{"href":"https:\/\/nvnoticias.mx\/index.php\/wp-json\/wp\/v2\/posts\/144125","targetHints":{"allow":["GET"]}}],"collection":[{"href":"https:\/\/nvnoticias.mx\/index.php\/wp-json\/wp\/v2\/posts"}],"about":[{"href":"https:\/\/nvnoticias.mx\/index.php\/wp-json\/wp\/v2\/types\/post"}],"author":[{"embeddable":true,"href":"https:\/\/nvnoticias.mx\/index.php\/wp-json\/wp\/v2\/users\/35"}],"replies":[{"embeddable":true,"href":"https:\/\/nvnoticias.mx\/index.php\/wp-json\/wp\/v2\/comments?post=144125"}],"version-history":[{"count":4,"href":"https:\/\/nvnoticias.mx\/index.php\/wp-json\/wp\/v2\/posts\/144125\/revisions"}],"predecessor-version":[{"id":144130,"href":"https:\/\/nvnoticias.mx\/index.php\/wp-json\/wp\/v2\/posts\/144125\/revisions\/144130"}],"wp:featuredmedia":[{"embeddable":true,"href":"https:\/\/nvnoticias.mx\/index.php\/wp-json\/wp\/v2\/media\/60062"}],"wp:attachment":[{"href":"https:\/\/nvnoticias.mx\/index.php\/wp-json\/wp\/v2\/media?parent=144125"}],"wp:term":[{"taxonomy":"category","embeddable":true,"href":"https:\/\/nvnoticias.mx\/index.php\/wp-json\/wp\/v2\/categories?post=144125"},{"taxonomy":"post_tag","embeddable":true,"href":"https:\/\/nvnoticias.mx\/index.php\/wp-json\/wp\/v2\/tags?post=144125"}],"curies":[{"name":"wp","href":"https:\/\/api.w.org\/{rel}","templated":true}]}}