{"id":143839,"date":"2024-03-24T11:23:19","date_gmt":"2024-03-24T17:23:19","guid":{"rendered":"https:\/\/nvnoticias.mx\/?p=143839"},"modified":"2024-03-24T11:23:21","modified_gmt":"2024-03-24T17:23:21","slug":"principes-de-gales-extremadamente-conmovidos-por-los-mensajes-de-apoyo-tras-anuncio-de-cancer","status":"publish","type":"post","link":"https:\/\/nvnoticias.mx\/index.php\/2024\/03\/24\/principes-de-gales-extremadamente-conmovidos-por-los-mensajes-de-apoyo-tras-anuncio-de-cancer\/","title":{"rendered":"Pr\u00edncipes de Gales &#8220;extremadamente conmovidos&#8221; por los mensajes de apoyo tras anuncio de c\u00e1ncer"},"content":{"rendered":"\n<p>&#8211; Los <strong>pr\u00edncipes de Gales<\/strong> se mostraron este s\u00e1bado &#8220;extremadamente conmovidos&#8221; por la respuesta de la ciudadan\u00eda ante el anuncio de queKate est\u00e1 siendo tratada de un c\u00e1ncer.<\/p>\n\n\n\n<p>Un portavoz del Palacio de Kensington -residencia oficial de los pr\u00edncipes- se\u00f1al\u00f3 que<strong>&nbsp;William<\/strong>&nbsp;y<strong>&nbsp;Kate<\/strong>&nbsp;se sienten &#8220;extremadamente conmovidos por la calidez y el apoyo de la ciudadan\u00eda&#8221; y al mismo tiempo est\u00e1n &#8220;agradecidos por la comprensi\u00f3n de su petici\u00f3n de privacidad&#8221;.<\/p>\n\n\n\n<p>El hijo del\u00a0<strong>rey Carlos III<\/strong>\u00a0y heredero a la Corona y su esposa y futura reina quisieron responder as\u00ed a los mensajes que han recibido &#8220;delReino Unido, de la Mancomunidad de Naciones (Commonwealth) y de todo el mundo&#8221;, despu\u00e9s de que este viernes Kate hiciera p\u00fablica su enfermedad en un video.Play Video<\/p>\n\n\n\n<p>Kensington ha informado de que no proporcionar\u00e1 nuevos detalles sobre la situaci\u00f3n cl\u00ednica de la princesa y que tampoco ofrecer\u00e1 ninguna actualizaci\u00f3n el domingo.<\/p>\n\n\n\n<p>Catalina seguir\u00e1 de baja durante un tiempo indeterminado mientras se somete a un tratamiento de quimioterapia contra un c\u00e1ncer que le fue diagnosticado tras someterse a una cirug\u00eda abdominal el pasado mes de enero.<\/p>\n\n\n\n<p>Ni los pr\u00edncipes deGales ni sus tres hijos participar\u00e1n dentro de una semana en el servicio religioso del domingo de Pascua en la capilla de San Jorge de Windsor, uno de los actos m\u00e1s tradicionales de la familia real.<\/p>\n\n\n\n<p>Sin embargo, fuentes de palacio se\u00f1alaron hoy que elrey Carlos III, que tambi\u00e9n est\u00e1 siendo tratado de un c\u00e1ncer, conf\u00eda en poder asistir a la ceremonia, que se celebrar\u00eda en un formato m\u00e1s peque\u00f1o del habitual.<\/p>\n\n\n\n<p>Fuente:<a href=\"https:\/\/www.eluniversal.com.mx\/mundo\/kate-middleton-principes-de-gales-extremadamente-conmovidos-por-los-mensajes-de-apoyo-tras-anuncio-de-cancer\/\" data-type=\"link\" data-id=\"https:\/\/www.eluniversal.com.mx\/mundo\/kate-middleton-principes-de-gales-extremadamente-conmovidos-por-los-mensajes-de-apoyo-tras-anuncio-de-cancer\/\"> El Universal<\/a> <\/p>\n","protected":false},"excerpt":{"rendered":"<p>&#8211; Los pr\u00edncipes de Gales se mostraron este s\u00e1bado &#8220;extremadamente conmovidos&#8221; por la respuesta de la ciudadan\u00eda ante el anuncio de queKate est\u00e1 siendo tratada de un c\u00e1ncer. Un portavoz del Palacio de Kensington -residencia oficial de los pr\u00edncipes- se\u00f1al\u00f3 que&nbsp;William&nbsp;y&nbsp;Kate&nbsp;se sienten &#8220;extremadamente conmovidos por la calidez y el apoyo de la ciudadan\u00eda&#8221; y al [&hellip;]<\/p>\n","protected":false},"author":35,"featured_media":143843,"comment_status":"open","ping_status":"open","sticky":false,"template":"","format":"standard","meta":{"_monsterinsights_skip_tracking":false,"_monsterinsights_sitenote_active":false,"_monsterinsights_sitenote_note":"","_monsterinsights_sitenote_category":0,"footnotes":""},"categories":[181],"tags":[19154,2639],"class_list":["post-143839","post","type-post","status-publish","format-standard","has-post-thumbnail","hentry","category-internacional","tag-kate-middleton","tag-principe-william","wp-image-borders"],"amp_enabled":true,"_links":{"self":[{"href":"https:\/\/nvnoticias.mx\/index.php\/wp-json\/wp\/v2\/posts\/143839","targetHints":{"allow":["GET"]}}],"collection":[{"href":"https:\/\/nvnoticias.mx\/index.php\/wp-json\/wp\/v2\/posts"}],"about":[{"href":"https:\/\/nvnoticias.mx\/index.php\/wp-json\/wp\/v2\/types\/post"}],"author":[{"embeddable":true,"href":"https:\/\/nvnoticias.mx\/index.php\/wp-json\/wp\/v2\/users\/35"}],"replies":[{"embeddable":true,"href":"https:\/\/nvnoticias.mx\/index.php\/wp-json\/wp\/v2\/comments?post=143839"}],"version-history":[{"count":3,"href":"https:\/\/nvnoticias.mx\/index.php\/wp-json\/wp\/v2\/posts\/143839\/revisions"}],"predecessor-version":[{"id":143842,"href":"https:\/\/nvnoticias.mx\/index.php\/wp-json\/wp\/v2\/posts\/143839\/revisions\/143842"}],"wp:featuredmedia":[{"embeddable":true,"href":"https:\/\/nvnoticias.mx\/index.php\/wp-json\/wp\/v2\/media\/143843"}],"wp:attachment":[{"href":"https:\/\/nvnoticias.mx\/index.php\/wp-json\/wp\/v2\/media?parent=143839"}],"wp:term":[{"taxonomy":"category","embeddable":true,"href":"https:\/\/nvnoticias.mx\/index.php\/wp-json\/wp\/v2\/categories?post=143839"},{"taxonomy":"post_tag","embeddable":true,"href":"https:\/\/nvnoticias.mx\/index.php\/wp-json\/wp\/v2\/tags?post=143839"}],"curies":[{"name":"wp","href":"https:\/\/api.w.org\/{rel}","templated":true}]}}