{"id":143773,"date":"2024-03-23T14:10:01","date_gmt":"2024-03-23T20:10:01","guid":{"rendered":"https:\/\/nvnoticias.mx\/?p=143773"},"modified":"2024-03-23T14:10:03","modified_gmt":"2024-03-23T20:10:03","slug":"muere-sobrino-de-andrea-legarreta-tenia-solo-14-anos","status":"publish","type":"post","link":"https:\/\/nvnoticias.mx\/index.php\/2024\/03\/23\/muere-sobrino-de-andrea-legarreta-tenia-solo-14-anos\/","title":{"rendered":"Muere sobrino de Andrea Legarreta; ten\u00eda solo 14 a\u00f1os"},"content":{"rendered":"\n<p>Andrea Legarreta&nbsp;est\u00e1 pasando por un momento familiar triste y dif\u00edcil tras la muerte de su sobrino Mateo, hijo de su prima Valentina, quien muri\u00f3&nbsp;tras sufrir una ca\u00edda de moto que le provoc\u00f3 una lesi\u00f3n muy fuerte.<\/p>\n\n\n\n<p>En redes sociales, la conductora de &#8220;Hoy&#8221; comparti\u00f3 una serie de fotos con su sobrino en las que tambi\u00e9n aparecen sus hijas M\u00eda y Nina y Erik Rub\u00edn; a trav\u00e9s de un emotivo mensaje de despedida, Legarreta lamenta la temprana muerte de Mateo, y lo reconoce como el guerrero que fue.<\/p>\n\n\n\n<blockquote class=\"wp-block-quote is-layout-flow wp-block-quote-is-layout-flow\">\n<p>&#8220;<em>Mateo\u2026 Mi ni\u00f1o, hermoso, nuestro Mateo\u2026 El Mateo de todos\u2026 Llegaste a esta vida para tocarnos y ense\u00f1arnos con tu alma de Guerrero de luz, con tus ense\u00f1anzas, con tu maestr\u00eda en vivir la vida hasta el fondo y disfrutarla en amor, gozo, fortaleza, alegr\u00eda, amistad, juegos y risas\u2026 Gracias por lo que nos ense\u00f1aste en vida y lo que nos seguir\u00e1s ense\u00f1ando ahora que has trascendido\u2026 Gracias por haberme dado el dulce honor de ser tu Manina ( como me llamabas) que felicidad tan grande me regalaste y me regalaron tus pap\u00e1s al elegirme como Manina de un ser tan especial y maravilloso<\/em>&#8220;, se\u00f1ala.<\/p>\n<\/blockquote>\n\n\n\n<p>Andrea Legarreta reconoci\u00f3&nbsp;que viven una pesadilla tras la muerte de su sobrino.<\/p>\n\n\n\n<blockquote class=\"wp-block-quote is-layout-flow wp-block-quote-is-layout-flow\">\n<p>&#8220;<em>Tan s\u00f3lo 14 a\u00f1os!! \u2026 Dios\u2026 Sigo pensando que esto es una terrible pesadilla y anhelo despertar y poder abrazarte de nuevo\u2026 Pero no es as\u00ed \u2026 Hay situaciones que la mente y el coraz\u00f3n simplemente no entienden y no aceptan\u2026 sin embargo tus pap\u00e1s y tu hermanito nos dan tambi\u00e9n y como siempre lo han hecho, una gran lecci\u00f3n de amor de vida y aceptaci\u00f3n\u2026 Sin duda te tocaron los mejores padres y el mejor hermanito que alguien pudiera so\u00f1ar<\/em>&#8220;, expres\u00f3 la conductora.<\/p>\n<\/blockquote>\n","protected":false},"excerpt":{"rendered":"<p>Andrea Legarreta&nbsp;est\u00e1 pasando por un momento familiar triste y dif\u00edcil tras la muerte de su sobrino Mateo, hijo de su prima Valentina, quien muri\u00f3&nbsp;tras sufrir una ca\u00edda de moto que le provoc\u00f3 una lesi\u00f3n muy fuerte. En redes sociales, la conductora de &#8220;Hoy&#8221; comparti\u00f3 una serie de fotos con su sobrino en las que tambi\u00e9n [&hellip;]<\/p>\n","protected":false},"author":8,"featured_media":143774,"comment_status":"open","ping_status":"open","sticky":false,"template":"","format":"standard","meta":{"_monsterinsights_skip_tracking":false,"_monsterinsights_sitenote_active":false,"_monsterinsights_sitenote_note":"","_monsterinsights_sitenote_category":0,"footnotes":""},"categories":[576],"tags":[4292],"class_list":["post-143773","post","type-post","status-publish","format-standard","has-post-thumbnail","hentry","category-ocio","tag-andrea-legarreta","wp-image-borders"],"amp_enabled":true,"_links":{"self":[{"href":"https:\/\/nvnoticias.mx\/index.php\/wp-json\/wp\/v2\/posts\/143773","targetHints":{"allow":["GET"]}}],"collection":[{"href":"https:\/\/nvnoticias.mx\/index.php\/wp-json\/wp\/v2\/posts"}],"about":[{"href":"https:\/\/nvnoticias.mx\/index.php\/wp-json\/wp\/v2\/types\/post"}],"author":[{"embeddable":true,"href":"https:\/\/nvnoticias.mx\/index.php\/wp-json\/wp\/v2\/users\/8"}],"replies":[{"embeddable":true,"href":"https:\/\/nvnoticias.mx\/index.php\/wp-json\/wp\/v2\/comments?post=143773"}],"version-history":[{"count":1,"href":"https:\/\/nvnoticias.mx\/index.php\/wp-json\/wp\/v2\/posts\/143773\/revisions"}],"predecessor-version":[{"id":143775,"href":"https:\/\/nvnoticias.mx\/index.php\/wp-json\/wp\/v2\/posts\/143773\/revisions\/143775"}],"wp:featuredmedia":[{"embeddable":true,"href":"https:\/\/nvnoticias.mx\/index.php\/wp-json\/wp\/v2\/media\/143774"}],"wp:attachment":[{"href":"https:\/\/nvnoticias.mx\/index.php\/wp-json\/wp\/v2\/media?parent=143773"}],"wp:term":[{"taxonomy":"category","embeddable":true,"href":"https:\/\/nvnoticias.mx\/index.php\/wp-json\/wp\/v2\/categories?post=143773"},{"taxonomy":"post_tag","embeddable":true,"href":"https:\/\/nvnoticias.mx\/index.php\/wp-json\/wp\/v2\/tags?post=143773"}],"curies":[{"name":"wp","href":"https:\/\/api.w.org\/{rel}","templated":true}]}}