{"id":143759,"date":"2024-03-23T12:09:27","date_gmt":"2024-03-23T18:09:27","guid":{"rendered":"https:\/\/nvnoticias.mx\/?p=143759"},"modified":"2024-03-23T12:09:29","modified_gmt":"2024-03-23T18:09:29","slug":"expectativas-favorables-del-sector-turistico-para-semana-santa","status":"publish","type":"post","link":"https:\/\/nvnoticias.mx\/index.php\/2024\/03\/23\/expectativas-favorables-del-sector-turistico-para-semana-santa\/","title":{"rendered":"Expectativas favorables del sector tur\u00edstico para Semana Santa"},"content":{"rendered":"\n<p><strong>Jes\u00fas Utrilla \/ NV Noticias<\/strong><\/p>\n\n\n\n<p>Comerciantes y hoteleros esperan un repunte importante en ventas y ocupaci\u00f3n para la Semana Santa. <\/p>\n\n\n\n<p>El presidente de la Asociaci\u00f3n de Hoteles y Moteles de Veracruz, C\u00e9sar Mu\u00f1iz Cuervo, estim\u00f3 que los hospedajes tendr\u00e1n una ocupaci\u00f3n promedio de 70 por ciento<\/p>\n\n\n\n<blockquote class=\"wp-block-quote is-layout-flow wp-block-quote-is-layout-flow\">\n<p>\u201c<em>Los d\u00edas principales son el pr\u00f3ximo jueves, viernes, s\u00e1bado y domingo, que resultan fabuloso para el sector de turismo<\/em>\u201d.<\/p>\n<\/blockquote>\n\n\n\n<p>Por su parte los palaperos de Villa del Mar dijeron que con la llegada de las vacaciones esperan superar el 90 y 100 por ciento de las ventas, sobre todo en los alimentos y la renta de sillas y mesas.<\/p>\n\n\n\n<p>Com\u00fanmente se coloca m\u00fasica viva que atrae m\u00e1s al turismo y se realizan concursos con sus respectivos premios.<\/p>\n\n\n\n<p>Mientras que los precios de los alimentos se mantendr\u00e1n similares al a\u00f1o pasado, es decir, no habr\u00e1 incremento.<\/p>\n\n\n\n<p>Record\u00f3 que el pasado fin de semana largo, fue favorecedor para los palaperos de Villa del Mar, que obtuvieron ventas de hasta un 80 por ciento.<\/p>\n\n\n\n<p>Los d\u00edas viernes, s\u00e1bado y domingo, arrib\u00f3 un flujo importante de turismo que llen\u00f3 las playas de la conurbaci\u00f3n Veracruz-Boca del R\u00edo.<\/p>\n\n\n\n<blockquote class=\"wp-block-quote is-layout-flow wp-block-quote-is-layout-flow\">\n<p>\u201c<em>El viernes, s\u00e1bado y domingo, fue un caos, esper\u00e1bamos un 60 por ciento de nuestra venta y llegamos al 80 por ciento, la verdad estuvo muy bueno, yo le agradezco al se\u00f1or que nos mand\u00f3 a esta gente, para reponer un poquito la econom\u00eda que no ha habido casi<\/em>\u201d.<\/p>\n<\/blockquote>\n\n\n\n<p>Adem\u00e1s, se\u00f1al\u00f3 que se espera un repunte importante en ventas en restaurantes y comercios.<\/p>\n","protected":false},"excerpt":{"rendered":"<p>Jes\u00fas Utrilla \/ NV Noticias Comerciantes y hoteleros esperan un repunte importante en ventas y ocupaci\u00f3n para la Semana Santa. El presidente de la Asociaci\u00f3n de Hoteles y Moteles de Veracruz, C\u00e9sar Mu\u00f1iz Cuervo, estim\u00f3 que los hospedajes tendr\u00e1n una ocupaci\u00f3n promedio de 70 por ciento \u201cLos d\u00edas principales son el pr\u00f3ximo jueves, viernes, s\u00e1bado [&hellip;]<\/p>\n","protected":false},"author":8,"featured_media":134436,"comment_status":"open","ping_status":"open","sticky":false,"template":"","format":"standard","meta":{"_monsterinsights_skip_tracking":false,"_monsterinsights_sitenote_active":false,"_monsterinsights_sitenote_note":"","_monsterinsights_sitenote_category":0,"footnotes":""},"categories":[154],"tags":[22532,1474,180],"class_list":["post-143759","post","type-post","status-publish","format-standard","has-post-thumbnail","hentry","category-veracruz","tag-sector-turistico","tag-semana-santa","tag-veracruz","wp-image-borders"],"amp_enabled":true,"_links":{"self":[{"href":"https:\/\/nvnoticias.mx\/index.php\/wp-json\/wp\/v2\/posts\/143759","targetHints":{"allow":["GET"]}}],"collection":[{"href":"https:\/\/nvnoticias.mx\/index.php\/wp-json\/wp\/v2\/posts"}],"about":[{"href":"https:\/\/nvnoticias.mx\/index.php\/wp-json\/wp\/v2\/types\/post"}],"author":[{"embeddable":true,"href":"https:\/\/nvnoticias.mx\/index.php\/wp-json\/wp\/v2\/users\/8"}],"replies":[{"embeddable":true,"href":"https:\/\/nvnoticias.mx\/index.php\/wp-json\/wp\/v2\/comments?post=143759"}],"version-history":[{"count":1,"href":"https:\/\/nvnoticias.mx\/index.php\/wp-json\/wp\/v2\/posts\/143759\/revisions"}],"predecessor-version":[{"id":143760,"href":"https:\/\/nvnoticias.mx\/index.php\/wp-json\/wp\/v2\/posts\/143759\/revisions\/143760"}],"wp:featuredmedia":[{"embeddable":true,"href":"https:\/\/nvnoticias.mx\/index.php\/wp-json\/wp\/v2\/media\/134436"}],"wp:attachment":[{"href":"https:\/\/nvnoticias.mx\/index.php\/wp-json\/wp\/v2\/media?parent=143759"}],"wp:term":[{"taxonomy":"category","embeddable":true,"href":"https:\/\/nvnoticias.mx\/index.php\/wp-json\/wp\/v2\/categories?post=143759"},{"taxonomy":"post_tag","embeddable":true,"href":"https:\/\/nvnoticias.mx\/index.php\/wp-json\/wp\/v2\/tags?post=143759"}],"curies":[{"name":"wp","href":"https:\/\/api.w.org\/{rel}","templated":true}]}}