{"id":143541,"date":"2024-03-21T18:23:40","date_gmt":"2024-03-22T00:23:40","guid":{"rendered":"https:\/\/nvnoticias.mx\/?p=143541"},"modified":"2024-03-21T18:26:24","modified_gmt":"2024-03-22T00:26:24","slug":"victima-de-violencia-vicaria-recibe-amenazas-de-mu3rt3-de-su-agresor-en-veracruz","status":"publish","type":"post","link":"https:\/\/nvnoticias.mx\/index.php\/2024\/03\/21\/victima-de-violencia-vicaria-recibe-amenazas-de-mu3rt3-de-su-agresor-en-veracruz\/","title":{"rendered":"V\u00edctima de Violencia Vicaria recibe amenazas de mu3rt3 de su agresor en Veracruz"},"content":{"rendered":"\n<p><strong>Jes\u00fas Utrilla \/ NV Noticias<\/strong><\/p>\n\n\n\n<p>Elisa Mar\u00eda Sald\u00edvar Barcelata, sobreviviente de Violencia Vicaria, quien tiene dos a\u00f1os de no ver a sus hijos, dijo que tuvo que cambiar su lugar de residencia a Quintana Roo, tras las amenazas de muerte, &#8220;levantones&#8221;, entre otras, que ha recibido supuestamente por, Juan &#8220;N&#8221; en Veracruz.<\/p>\n\n\n\n<p>Cabe recordar que, Elisa estuvo presa 6 meses en Quintana Roo, pues a\u00fan cuando ella ya hab\u00eda ganado la custodia de sus hijos, en una de sus visitas al Centro de Convivencia Familiar (CECOFAM) fue detenida a finales del 2022.<\/p>\n\n\n\n<blockquote class=\"wp-block-quote is-layout-flow wp-block-quote-is-layout-flow\">\n<p>&#8220;<em>Un d\u00eda me tocaba vistas con mis hijos en el CECOFAM y era una trampa, cuando yo llegu\u00e9 al Juzgado a m\u00ed me arrestaron, me hab\u00edan fabricado un delito en Canc\u00fan, entonces me llevaron a Canc\u00fan, \u00e9l ya hab\u00eda negociado con la Fiscal\u00eda mi c\u00e1rcel, me metieron a la c\u00e1rcel 6 meses sin ninguna prueba, fue un acto m\u00e1s de violencia vicaria<\/em>&#8220;.<\/p>\n<\/blockquote>\n\n\n\n<p>El presunto delito que hab\u00eda cometido Elisa era corrupci\u00f3n de menores, siendo que ella aclar\u00f3 por medio de sus abogados que en la fecha donde hab\u00eda sido se\u00f1alada, su expareja y agresor no la dejaba ver a sus hijos desde hac\u00eda un a\u00f1o.<\/p>\n\n\n\n<blockquote class=\"wp-block-quote is-layout-flow wp-block-quote-is-layout-flow\">\n<p>&#8220;<em>Mi caso se hizo medi\u00e1tico a nivel nacional e internacional, porque ahorita tambi\u00e9n ya estamos con Colectivas Internacionales, y al momento de hacer esto medi\u00e1tico obviamente las autoridades en Canc\u00fan, Quintana Roo, tomaron cartas en el asunto y me sobreseyaron el caso porque no hab\u00eda ninguna prueba (&#8230;) al momento que yo salgo yo vengo al Juzgado para hacer efectiva mi restituci\u00f3n inmediata y todo ha sido muy lento, incluso el Juzgado ya se excus\u00f3 de mi caso, y la carpeta judicial por la cual yo vengo a esta audiencia, la carpeta penal es judicializada dos a\u00f1os y medio despu\u00e9s, y seis meses despu\u00e9s tengo la audiencia, esta es la primera audiencia inicial en donde ya \u00e9l es el inculpado (&#8230;) los ni\u00f1os est\u00e1n con \u00e9l, yo no tengo ninguna visita, yo no he visto a mis hijos en dos a\u00f1os, y lo peor es que ahorita yo estaba recidiendo en Quintana Roo, porque yo tengo amenazas de muerte, de levantones, de sembrarme droga, que \u00e9l hace a trav\u00e9s de amistades<\/em>&#8220;, acus\u00f3.<\/p>\n<\/blockquote>\n\n\n\n<p>Elisa Sald\u00edvar record\u00f3 que Veracruz es uno de los pocos estados en M\u00e9xico que no ha aprobado a\u00fan dentro de su ley la Violencia Vicaria.<\/p>\n","protected":false},"excerpt":{"rendered":"<p>Jes\u00fas Utrilla \/ NV Noticias Elisa Mar\u00eda Sald\u00edvar Barcelata, sobreviviente de Violencia Vicaria, quien tiene dos a\u00f1os de no ver a sus hijos, dijo que tuvo que cambiar su lugar de residencia a Quintana Roo, tras las amenazas de muerte, &#8220;levantones&#8221;, entre otras, que ha recibido supuestamente por, Juan &#8220;N&#8221; en Veracruz. Cabe recordar que, [&hellip;]<\/p>\n","protected":false},"author":8,"featured_media":143542,"comment_status":"open","ping_status":"open","sticky":false,"template":"","format":"standard","meta":{"_monsterinsights_skip_tracking":false,"_monsterinsights_sitenote_active":false,"_monsterinsights_sitenote_note":"","_monsterinsights_sitenote_category":0,"footnotes":""},"categories":[154],"tags":[29704,21329],"class_list":["post-143541","post","type-post","status-publish","format-standard","has-post-thumbnail","hentry","category-veracruz","tag-amenazas-de-muerte","tag-violencia-vicaria","wp-image-borders"],"amp_enabled":true,"_links":{"self":[{"href":"https:\/\/nvnoticias.mx\/index.php\/wp-json\/wp\/v2\/posts\/143541","targetHints":{"allow":["GET"]}}],"collection":[{"href":"https:\/\/nvnoticias.mx\/index.php\/wp-json\/wp\/v2\/posts"}],"about":[{"href":"https:\/\/nvnoticias.mx\/index.php\/wp-json\/wp\/v2\/types\/post"}],"author":[{"embeddable":true,"href":"https:\/\/nvnoticias.mx\/index.php\/wp-json\/wp\/v2\/users\/8"}],"replies":[{"embeddable":true,"href":"https:\/\/nvnoticias.mx\/index.php\/wp-json\/wp\/v2\/comments?post=143541"}],"version-history":[{"count":3,"href":"https:\/\/nvnoticias.mx\/index.php\/wp-json\/wp\/v2\/posts\/143541\/revisions"}],"predecessor-version":[{"id":143545,"href":"https:\/\/nvnoticias.mx\/index.php\/wp-json\/wp\/v2\/posts\/143541\/revisions\/143545"}],"wp:featuredmedia":[{"embeddable":true,"href":"https:\/\/nvnoticias.mx\/index.php\/wp-json\/wp\/v2\/media\/143542"}],"wp:attachment":[{"href":"https:\/\/nvnoticias.mx\/index.php\/wp-json\/wp\/v2\/media?parent=143541"}],"wp:term":[{"taxonomy":"category","embeddable":true,"href":"https:\/\/nvnoticias.mx\/index.php\/wp-json\/wp\/v2\/categories?post=143541"},{"taxonomy":"post_tag","embeddable":true,"href":"https:\/\/nvnoticias.mx\/index.php\/wp-json\/wp\/v2\/tags?post=143541"}],"curies":[{"name":"wp","href":"https:\/\/api.w.org\/{rel}","templated":true}]}}