{"id":143538,"date":"2024-03-21T18:14:50","date_gmt":"2024-03-22T00:14:50","guid":{"rendered":"https:\/\/nvnoticias.mx\/?p=143538"},"modified":"2024-03-21T18:14:51","modified_gmt":"2024-03-22T00:14:51","slug":"buscan-que-haev-realice-trasplantes-de-medula","status":"publish","type":"post","link":"https:\/\/nvnoticias.mx\/index.php\/2024\/03\/21\/buscan-que-haev-realice-trasplantes-de-medula\/","title":{"rendered":"Buscan que HAEV realice trasplantes de m\u00e9dula"},"content":{"rendered":"\n<p><strong>Jes\u00fas Utrilla \/ NV Noticias<\/strong><\/p>\n\n\n\n<p>Debido a la burocracia que persiste en hospitales de la capital del pa\u00eds, los ni\u00f1os veracruzanos no pueden concretar los transparentes de m\u00e9dula \u00f3sea a tiempo, acus\u00f3 Cora de Jes\u00fas Rodr\u00edguez, vocera de pap\u00e1s de ni\u00f1os con c\u00e1ncer.<\/p>\n\n\n\n<p>Aunque no especific\u00f3, dijo que el retraso cobr\u00f3 la vida de varios menores en los \u00faltimos seis a\u00f1os porque el c\u00e1ncer avanza y requiere un tratamiento al pie de la letra.<\/p>\n\n\n\n<blockquote class=\"wp-block-quote is-layout-flow wp-block-quote-is-layout-flow\">\n<p>\u201c<em>Tengo seis a\u00f1os en la lucha y no he podido lograr ver que salga un trasplante de m\u00e9dula \u00f3sea para poder decir que aqu\u00ed en Veracruz se logr\u00f3 que el ni\u00f1o con c\u00e1ncer recibiera el trasplante en tiempo y forma. La traba la da M\u00e9xico, no Veracruz\u201d<\/em>.<\/p>\n<\/blockquote>\n\n\n\n<p>Las mam\u00e1s plantearon que los trasplantes se realicen en el Hospital de Alta Especialidad de Veracruz. <\/p>\n\n\n\n<p>Insisti\u00f3 en que se trata de un problema frecuente porque en los hospitales de la Ciudad de M\u00e9xico, que realizan los trasplantes tienen amplias listas de espera. <\/p>\n\n\n\n<p>Ante ello pidi\u00f3 que a los infantes la canalicen a otros estados ya que algunos esperan m\u00e1s de dos a\u00f1os para ser atendidos.<\/p>\n\n\n\n<blockquote class=\"wp-block-quote is-layout-flow wp-block-quote-is-layout-flow\">\n<p>\u201c<em>Lamentablemente muchos ya fallecieron porque M\u00e9xico no da los tratamientos como corresponden por eso queremos que el presidente vea que est\u00e1 pasando porque es importante<\/em>\u201d.<\/p>\n<\/blockquote>\n\n\n\n<p>Exhort\u00f3 a los padres de familia a denunciar la negligencia m\u00e9dica y el retraso en los tratamientos, ya que muchos ni\u00f1os pierden la batalla por la falta de atenci\u00f3n oportuna.<\/p>\n","protected":false},"excerpt":{"rendered":"<p>Jes\u00fas Utrilla \/ NV Noticias Debido a la burocracia que persiste en hospitales de la capital del pa\u00eds, los ni\u00f1os veracruzanos no pueden concretar los transparentes de m\u00e9dula \u00f3sea a tiempo, acus\u00f3 Cora de Jes\u00fas Rodr\u00edguez, vocera de pap\u00e1s de ni\u00f1os con c\u00e1ncer. Aunque no especific\u00f3, dijo que el retraso cobr\u00f3 la vida de varios [&hellip;]<\/p>\n","protected":false},"author":8,"featured_media":143539,"comment_status":"open","ping_status":"open","sticky":false,"template":"","format":"standard","meta":{"_monsterinsights_skip_tracking":false,"_monsterinsights_sitenote_active":false,"_monsterinsights_sitenote_note":"","_monsterinsights_sitenote_category":0,"footnotes":""},"categories":[154],"tags":[15893,29703],"class_list":["post-143538","post","type-post","status-publish","format-standard","has-post-thumbnail","hentry","category-veracruz","tag-haev","tag-trasplante-de-medula","wp-image-borders"],"amp_enabled":true,"_links":{"self":[{"href":"https:\/\/nvnoticias.mx\/index.php\/wp-json\/wp\/v2\/posts\/143538","targetHints":{"allow":["GET"]}}],"collection":[{"href":"https:\/\/nvnoticias.mx\/index.php\/wp-json\/wp\/v2\/posts"}],"about":[{"href":"https:\/\/nvnoticias.mx\/index.php\/wp-json\/wp\/v2\/types\/post"}],"author":[{"embeddable":true,"href":"https:\/\/nvnoticias.mx\/index.php\/wp-json\/wp\/v2\/users\/8"}],"replies":[{"embeddable":true,"href":"https:\/\/nvnoticias.mx\/index.php\/wp-json\/wp\/v2\/comments?post=143538"}],"version-history":[{"count":1,"href":"https:\/\/nvnoticias.mx\/index.php\/wp-json\/wp\/v2\/posts\/143538\/revisions"}],"predecessor-version":[{"id":143540,"href":"https:\/\/nvnoticias.mx\/index.php\/wp-json\/wp\/v2\/posts\/143538\/revisions\/143540"}],"wp:featuredmedia":[{"embeddable":true,"href":"https:\/\/nvnoticias.mx\/index.php\/wp-json\/wp\/v2\/media\/143539"}],"wp:attachment":[{"href":"https:\/\/nvnoticias.mx\/index.php\/wp-json\/wp\/v2\/media?parent=143538"}],"wp:term":[{"taxonomy":"category","embeddable":true,"href":"https:\/\/nvnoticias.mx\/index.php\/wp-json\/wp\/v2\/categories?post=143538"},{"taxonomy":"post_tag","embeddable":true,"href":"https:\/\/nvnoticias.mx\/index.php\/wp-json\/wp\/v2\/tags?post=143538"}],"curies":[{"name":"wp","href":"https:\/\/api.w.org\/{rel}","templated":true}]}}