{"id":143508,"date":"2024-03-21T13:01:22","date_gmt":"2024-03-21T19:01:22","guid":{"rendered":"https:\/\/nvnoticias.mx\/?p=143508"},"modified":"2024-03-21T13:02:30","modified_gmt":"2024-03-21T19:02:30","slug":"madre-relata-odisea-para-obtener-tratamiento-adecuado-en-medio-de-negligencia-medica","status":"publish","type":"post","link":"https:\/\/nvnoticias.mx\/index.php\/2024\/03\/21\/madre-relata-odisea-para-obtener-tratamiento-adecuado-en-medio-de-negligencia-medica\/","title":{"rendered":"Madre relata odisea para obtener tratamiento adecuado en medio de negligencia m\u00e9dica"},"content":{"rendered":"\n<p><strong>Jes\u00fas Utrilla \/ NV Noticias<\/strong><\/p>\n\n\n\n<p>La se\u00f1ora Esperanza Mart\u00ednez Camacho, denunci\u00f3 que el trasplante de m\u00e9dula \u00f3sea, que le realizar\u00edan a su hijo de 6 a\u00f1os de edad, lleva un retraso de dos a\u00f1os y el menor presenta leucemia mielobl\u00e1stica aguda.<\/p>\n\n\n\n<p>Originarios de Alvarado, acus\u00f3 que el menor se encuentra internado en el Hospital Infantil de Veracruz y el donador ser\u00eda su pap\u00e1, sin embargo, aunque se le realizaron todos los estudios en el Hospital Infantil de Veracruz cuando fueron entregados Instituto Nacional de Pediatr\u00eda (INP) de la Ciudad de M\u00e9xico, el personal los perdi\u00f3.&nbsp;<\/p>\n\n\n\n<blockquote class=\"wp-block-quote is-layout-flow wp-block-quote-is-layout-flow\">\n<p>\u201c<em>Mi esposo el 30 de enero llev\u00f3 los estudios al Instituto Nacional de Pediatr\u00eda y la doctora que lo atendi\u00f3 le dijo que si y lo mandar\u00edan a otro hospital y en 10 o 15 d\u00eda nos marcaban y nunca lleg\u00f3, nosotros fuimos a M\u00e9xico y nos dijeron que no estaban nuestros estudios, que no aparec\u00edan en el expediente de mi hijo y que no sab\u00edan que hab\u00eda pasad<\/em>o\u201d.<\/p>\n<\/blockquote>\n\n\n\n<p>Lament\u00f3 la falta de seriedad del sistema de salud ya que ponen en riesgo la vida. Aunque se entreg\u00f3 nuevamente el expediente, ahora se requiere realizar nuevos estudios en el Hospital Infantil de Veracruz antes de ser trasladados a la Ciudad de M\u00e9xico.<\/p>\n\n\n\n<blockquote class=\"wp-block-quote is-layout-flow wp-block-quote-is-layout-flow\">\n<p>\u201c<em>Ahorita est\u00e1 estable, est\u00e1 bien, pero sabemos c\u00f3mo es el c\u00e1ncer, ahorita, ma\u00f1ana qui\u00e9n sabe y mi hijo tiene leucemia mielobl\u00e1stica aguda que es muy agresiva para \u00e9l, es un c\u00e1ncer m\u00e1s com\u00fan en adultos que en ni\u00f1os, la probabilidad de qu\u00e9 se cure con quimioterapia es baja, se necesita el trasplante, porque si no se hace puede recaer<\/em>\u201d.<\/p>\n<\/blockquote>\n\n\n\n<p>Reconoci\u00f3 el trabajo que se ha realizado en el Hospital Infantil de Veracruz, pues, el retraso ha sido por descuido del Instituto Nacional de Pediatr\u00eda.<\/p>\n\n\n\n<p>No present\u00f3 ning\u00fan tipo de denuncia en contra del Instituto Nacional de Pediatr\u00eda, ya que prefiere destinar el tiempo para atender a su hijo de 6 a\u00f1os de edad.&nbsp;<\/p>\n","protected":false},"excerpt":{"rendered":"<p>Jes\u00fas Utrilla \/ NV Noticias La se\u00f1ora Esperanza Mart\u00ednez Camacho, denunci\u00f3 que el trasplante de m\u00e9dula \u00f3sea, que le realizar\u00edan a su hijo de 6 a\u00f1os de edad, lleva un retraso de dos a\u00f1os y el menor presenta leucemia mielobl\u00e1stica aguda. Originarios de Alvarado, acus\u00f3 que el menor se encuentra internado en el Hospital Infantil [&hellip;]<\/p>\n","protected":false},"author":8,"featured_media":143509,"comment_status":"open","ping_status":"open","sticky":false,"template":"","format":"standard","meta":{"_monsterinsights_skip_tracking":false,"_monsterinsights_sitenote_active":false,"_monsterinsights_sitenote_note":"","_monsterinsights_sitenote_category":0,"footnotes":""},"categories":[154],"tags":[21470,27977,5389],"class_list":["post-143508","post","type-post","status-publish","format-standard","has-post-thumbnail","hentry","category-veracruz","tag-medula-osea","tag-negligencia-medica","tag-trasplante","wp-image-borders"],"amp_enabled":true,"_links":{"self":[{"href":"https:\/\/nvnoticias.mx\/index.php\/wp-json\/wp\/v2\/posts\/143508","targetHints":{"allow":["GET"]}}],"collection":[{"href":"https:\/\/nvnoticias.mx\/index.php\/wp-json\/wp\/v2\/posts"}],"about":[{"href":"https:\/\/nvnoticias.mx\/index.php\/wp-json\/wp\/v2\/types\/post"}],"author":[{"embeddable":true,"href":"https:\/\/nvnoticias.mx\/index.php\/wp-json\/wp\/v2\/users\/8"}],"replies":[{"embeddable":true,"href":"https:\/\/nvnoticias.mx\/index.php\/wp-json\/wp\/v2\/comments?post=143508"}],"version-history":[{"count":2,"href":"https:\/\/nvnoticias.mx\/index.php\/wp-json\/wp\/v2\/posts\/143508\/revisions"}],"predecessor-version":[{"id":143511,"href":"https:\/\/nvnoticias.mx\/index.php\/wp-json\/wp\/v2\/posts\/143508\/revisions\/143511"}],"wp:featuredmedia":[{"embeddable":true,"href":"https:\/\/nvnoticias.mx\/index.php\/wp-json\/wp\/v2\/media\/143509"}],"wp:attachment":[{"href":"https:\/\/nvnoticias.mx\/index.php\/wp-json\/wp\/v2\/media?parent=143508"}],"wp:term":[{"taxonomy":"category","embeddable":true,"href":"https:\/\/nvnoticias.mx\/index.php\/wp-json\/wp\/v2\/categories?post=143508"},{"taxonomy":"post_tag","embeddable":true,"href":"https:\/\/nvnoticias.mx\/index.php\/wp-json\/wp\/v2\/tags?post=143508"}],"curies":[{"name":"wp","href":"https:\/\/api.w.org\/{rel}","templated":true}]}}