{"id":143391,"date":"2024-03-20T16:23:26","date_gmt":"2024-03-20T22:23:26","guid":{"rendered":"https:\/\/nvnoticias.mx\/?p=143391"},"modified":"2024-03-20T16:23:28","modified_gmt":"2024-03-20T22:23:28","slug":"dani-alves-saldra-de-la-carcel-tras-pagar-millonaria-fianza","status":"publish","type":"post","link":"https:\/\/nvnoticias.mx\/index.php\/2024\/03\/20\/dani-alves-saldra-de-la-carcel-tras-pagar-millonaria-fianza\/","title":{"rendered":"Dani Alves saldr\u00e1 de la c\u00e1rcel tras pagar millonaria fianza"},"content":{"rendered":"\n<p>La Audiencia de Barcelona ha acordado dejar en\u00a0libertad provisional al ex jugador Dani Alves, bajo\u00a0fianza de un mill\u00f3n de euros, a la espera de que sea firme la sentencia que lo conden\u00f3 a cuatro a\u00f1os y medio de c\u00e1rcel por violar a una joven en una discoteca.<\/p>\n\n\n\n<p>En un auto, que cuenta con el voto particular de un magistrado partidario de mantener al futbolista en prisi\u00f3n,\u00a0la Audiencia de Barcelona permite a Alves salir de la c\u00e1rcel si paga la fianza,\u00a0con la obligaci\u00f3n de entregar sus dos pasaportes -espa\u00f1ol y brasile\u00f1o-, no salir de Espa\u00f1a y comparecer semanalmente ante el tribunal.<\/p>\n\n\n\n<p>El auto tambi\u00e9n\u00a0proh\u00edbe al futbolista acercarse a menos de mil metros del domicilio de la v\u00edctima, su lugar de trabajo y cualquier otro lugar que pueda frecuentar,\u00a0as\u00ed como comunicarse con ella por cualquier medio.<\/p>\n\n\n\n<p>Tras recibir la resoluci\u00f3n de la Audiencia,\u00a0la defensa del internacional brasile\u00f1o est\u00e1 tratando de reunir el mill\u00f3n de euros que le exige el tribunal:\u00a0no podr\u00e1 salir de prisi\u00f3n hasta que lo deposite en la cuenta del juzgado y se dicte un nuevo auto que acuerde su libertad provisional.<\/p>\n\n\n\n<p><strong>Riesgo de fuga aminorado<\/strong><\/p>\n\n\n\n<p>La secci\u00f3n 21\u00aa de la Audiencia de Barcelona celebr\u00f3 ayer una vista para resolver la petici\u00f3n de\u00a0Alves\u00a0de salir en libertad, a lo que se opusieron la Fiscal\u00eda y la acusaci\u00f3n particular, por entender que\u00a0persiste el riesgo de fuga\u00a0dada su elevada capacidad econ\u00f3mica.<\/p>\n\n\n\n<p>La defensa del deportista solicit\u00f3 que fuera excarcelado, mientras el Tribunal Superior de Justicia de Catalu\u00f1a (TSJC) resuelve los recursos contra la sentencia que lo conden\u00f3 a cuatro a\u00f1os y medio de c\u00e1rcel por\u00a0violar a una joven en el ba\u00f1o de la discoteca\u00a0Sutton de Barcelona la noche del 30 de enero de 2022.<\/p>\n\n\n\n<p>En su auto, la Audiencia razona que, tras la condena a cuatro a\u00f1os y medio de c\u00e1rcel impuesta al acusado,\u00a0se ha &#8220;aminorado&#8221; el riesgo de fuga\u00a0vinculado a la gravedad de la pena y, aunque admite que &#8220;persiste&#8221; cierto peligro, este puede ser &#8220;contrarrestado&#8221; con otras medidas, como la fianza impuesta y la prohibici\u00f3n de salir de Espa\u00f1a.<\/p>\n\n\n\n<p>Otro de los elementos que la sala ha tenido en cuenta para dejar a\u00a0Alves\u00a0en libertad bajo fianza es que\u00a0&#8220;la pena impuesta se ha reducido de forma ostensible&#8221; en relaci\u00f3n con las que ped\u00edan las acusaciones -de nueve a doce a\u00f1os de c\u00e1rcel- y que lleva ya 14 meses en prisi\u00f3n preventiva.<\/p>\n\n\n\n<p>A lo sumo, aduce el tribunal, se le podr\u00eda prorrogar la prisi\u00f3n provisional hasta una vez cumplida la mitad de la condena, pero &#8220;dif\u00edcilmente&#8221; habr\u00e1 sentencia firme en ese per\u00edodo, advierte.<\/p>\n\n\n\n<p>Seg\u00fan la sala, el condenado, que en la vista de ayer intervino por videconferencia ante el tribunal para\u00a0garantizar que no huir\u00eda si quedaba libre,\u00a0&#8220;ha expresado su firme prop\u00f3sito de permanecer en todo momento a disposici\u00f3n del tribunal&#8221;, como &#8220;ha hecho desde el inicio del procedimiento&#8221;.<\/p>\n\n\n\n<p>En ese sentido, los magistrados recuerdan que\u00a0Alves viaj\u00f3 a Espa\u00f1a, donde actualmente tiene fijado su domicilio,\u00a0y se entreg\u00f3 &#8220;voluntariamente&#8221;\u00a0a las autoridades cuando supo que se le investigaba por violaci\u00f3n.<\/p>\n\n\n\n<p>Tras recordar que el objetivo de la prisi\u00f3n provisional &#8220;no puede ser en ning\u00fan caso adelantar los efectos de una hipot\u00e9tica pena&#8221; porque ello vulnerar\u00eda la Constituci\u00f3n, el tribunal argumenta que una medida tan gravosa debe ser revisada, una vez dictada sentencia en primera instancia.<\/p>\n\n\n\n<blockquote class=\"wp-block-quote is-layout-flow wp-block-quote-is-layout-flow\">\n<p>&#8220;<em>Cada escenario exige de su propia valoraci\u00f3n y exige asimismo la constataci\u00f3n del mantenimiento o, por el contrario, la valoraci\u00f3n de las circunstancias<\/em>&#8220;, sostiene la sala, que se remite a una sentencia del Constitucional que establece que el tiempo debe ser considerado &#8220;factor mitigador&#8221; al acordar una prisi\u00f3n preventiva.<\/p>\n<\/blockquote>\n","protected":false},"excerpt":{"rendered":"<p>La Audiencia de Barcelona ha acordado dejar en\u00a0libertad provisional al ex jugador Dani Alves, bajo\u00a0fianza de un mill\u00f3n de euros, a la espera de que sea firme la sentencia que lo conden\u00f3 a cuatro a\u00f1os y medio de c\u00e1rcel por violar a una joven en una discoteca. En un auto, que cuenta con el voto [&hellip;]<\/p>\n","protected":false},"author":8,"featured_media":92951,"comment_status":"open","ping_status":"open","sticky":false,"template":"","format":"standard","meta":{"_monsterinsights_skip_tracking":false,"_monsterinsights_sitenote_active":false,"_monsterinsights_sitenote_note":"","_monsterinsights_sitenote_category":0,"footnotes":""},"categories":[159],"tags":[17616,9713],"class_list":["post-143391","post","type-post","status-publish","format-standard","has-post-thumbnail","hentry","category-deportes","tag-dani-alves","tag-fianza","wp-image-borders"],"amp_enabled":true,"_links":{"self":[{"href":"https:\/\/nvnoticias.mx\/index.php\/wp-json\/wp\/v2\/posts\/143391","targetHints":{"allow":["GET"]}}],"collection":[{"href":"https:\/\/nvnoticias.mx\/index.php\/wp-json\/wp\/v2\/posts"}],"about":[{"href":"https:\/\/nvnoticias.mx\/index.php\/wp-json\/wp\/v2\/types\/post"}],"author":[{"embeddable":true,"href":"https:\/\/nvnoticias.mx\/index.php\/wp-json\/wp\/v2\/users\/8"}],"replies":[{"embeddable":true,"href":"https:\/\/nvnoticias.mx\/index.php\/wp-json\/wp\/v2\/comments?post=143391"}],"version-history":[{"count":1,"href":"https:\/\/nvnoticias.mx\/index.php\/wp-json\/wp\/v2\/posts\/143391\/revisions"}],"predecessor-version":[{"id":143392,"href":"https:\/\/nvnoticias.mx\/index.php\/wp-json\/wp\/v2\/posts\/143391\/revisions\/143392"}],"wp:featuredmedia":[{"embeddable":true,"href":"https:\/\/nvnoticias.mx\/index.php\/wp-json\/wp\/v2\/media\/92951"}],"wp:attachment":[{"href":"https:\/\/nvnoticias.mx\/index.php\/wp-json\/wp\/v2\/media?parent=143391"}],"wp:term":[{"taxonomy":"category","embeddable":true,"href":"https:\/\/nvnoticias.mx\/index.php\/wp-json\/wp\/v2\/categories?post=143391"},{"taxonomy":"post_tag","embeddable":true,"href":"https:\/\/nvnoticias.mx\/index.php\/wp-json\/wp\/v2\/tags?post=143391"}],"curies":[{"name":"wp","href":"https:\/\/api.w.org\/{rel}","templated":true}]}}