{"id":143349,"date":"2024-03-20T13:39:42","date_gmt":"2024-03-20T19:39:42","guid":{"rendered":"https:\/\/nvnoticias.mx\/?p=143349"},"modified":"2024-03-20T13:39:43","modified_gmt":"2024-03-20T19:39:43","slug":"madre-de-senalados-por-secuestro-afirman-que-son-chivos-expiatorios","status":"publish","type":"post","link":"https:\/\/nvnoticias.mx\/index.php\/2024\/03\/20\/madre-de-senalados-por-secuestro-afirman-que-son-chivos-expiatorios\/","title":{"rendered":"Madre de se\u00f1alados por secuestro afirman que son chivos expiatorios"},"content":{"rendered":"\n<p><strong>Sam Ojeda\u00a0\/ NV Noticias<\/strong><\/p>\n\n\n\n<p>Xalapa.-&nbsp; Gloria Agavio Alonso, madre de Dora Luz Salom\u00e9 Agavio y Omar Agavio Alonso de Tlapacoyan, detenidos en Tlapacoyan se\u00f1alados por la privaci\u00f3n ilegal de la libertad de dos menores, afirm\u00f3 que la detenci\u00f3n fue ilegal y fueron obligados a autoincriminarse.&nbsp;<\/p>\n\n\n\n<p>Sobre este caso, el gobernador Cuitl\u00e1huac Garc\u00eda Jim\u00e9nez afirm\u00f3 que ambos son investigados por privaci\u00f3n de la libertad de dos menores de edad hu\u00e9rfanos, adem\u00e1s de abuso de menores y una probable explotaci\u00f3n infantil que podr\u00eda ser laboral o de trata.<\/p>\n\n\n\n<p>Sin embargo, su t\u00eda se\u00f1al\u00f3 que el pasado mi\u00e9rcoles 6 de marzo polic\u00edas ministeriales acudieron a las 2 de la ma\u00f1ana a la vivienda de donde los sacaron a golpes y los llevaron a la Fiscal\u00eda de Tlapacoyan.&nbsp;<\/p>\n\n\n\n<blockquote class=\"wp-block-quote is-layout-flow wp-block-quote-is-layout-flow\">\n<p>\u201c<em>Los jalonearon, preguntaron qu\u00e9 pasaba y les preguntaban por los ni\u00f1os, pero no sab\u00edan de qu\u00e9 les hablaban. Fueron llevados al a Fiscal\u00eda de Tlapacoyan, a Dora a metieron a un cuarto oscuro y la comenzaron a golpear y arrastrarla, recibi\u00f3 mas de 20 golpes en la cabeza; le preguntaron por los ni\u00f1os y dijo que no ten\u00eda idea de qu\u00e9 ni\u00f1os le hablaban, le empezaron a golpear m\u00e1s y le dijeron que iban con su hermano<\/em>\u201d.\u00a0<\/p>\n<\/blockquote>\n\n\n\n<p>Dijo que su hijo Omar, de 26 a\u00f1os es autista y fue golpeado tanto que comenz\u00f3 a convulsionar; narr\u00f3 que incluso le pusieron una bolsa de pl\u00e1stico en la cabeza y se desmay\u00f3. &nbsp;<\/p>\n\n\n\n<p>Por su parte, Dora de 38 a\u00f1os, tambi\u00e9n fue golpeada pues quer\u00edan que ellos confesaran que ellos hab\u00edan sido los secuestradores. Ambos est\u00e1n detenidos en el Centro de Readaptaci\u00f3n Social (Cereso) de Jalacingo.&nbsp;<\/p>\n\n\n\n<p>Coment\u00f3 que son se\u00f1alado por el secuestro de dos menores de edad que ocurri\u00f3 en la calle Guti\u00e9rrez Zamora de Tlapacoyan; sin embargo, indic\u00f3 que han acudido testigos que afirman que tanto Omar como Dora estaban en otros puntos de donde ocurrieron los hechos.&nbsp;<\/p>\n\n\n\n<p>En el caso de Omar afirman que iba manejando un autom\u00f3vil a pesar de que el joven no sabe manejar, no tiene autom\u00f3vil y en su familia jam\u00e1s han tenido un veh\u00edculo.\u00a0<\/p>\n\n\n\n<blockquote class=\"wp-block-quote is-layout-flow wp-block-quote-is-layout-flow\">\n<p>\u201c<em>Temo por su vida, le hago un llamado al Presidente (\u2026) No hubo orden de aprehensi\u00f3n, tampoco le dijeron de qu\u00e9 los acusaron. Mi hijo trabaja, su patr\u00f3n ya fue a atestiguar, mostramos las im\u00e1genes del momento en que trabaja para mostrar que ellos no estuvieron en el momento de un supuesto secuestro. Dicen que suben a un carro a los ni\u00f1os y que es mi hijo pero \u00e9l no tiene carro, ni bicicleta y no sabe manejar, nunca hemos tenido carro<\/em>\u201d. \u00a0<\/p>\n<\/blockquote>\n","protected":false},"excerpt":{"rendered":"<p>Sam Ojeda\u00a0\/ NV Noticias Xalapa.-&nbsp; Gloria Agavio Alonso, madre de Dora Luz Salom\u00e9 Agavio y Omar Agavio Alonso de Tlapacoyan, detenidos en Tlapacoyan se\u00f1alados por la privaci\u00f3n ilegal de la libertad de dos menores, afirm\u00f3 que la detenci\u00f3n fue ilegal y fueron obligados a autoincriminarse.&nbsp; Sobre este caso, el gobernador Cuitl\u00e1huac Garc\u00eda Jim\u00e9nez afirm\u00f3 que [&hellip;]<\/p>\n","protected":false},"author":8,"featured_media":143350,"comment_status":"open","ping_status":"open","sticky":false,"template":"","format":"standard","meta":{"_monsterinsights_skip_tracking":false,"_monsterinsights_sitenote_active":false,"_monsterinsights_sitenote_note":"","_monsterinsights_sitenote_category":0,"footnotes":""},"categories":[156],"tags":[788,29689,6154,1476,5422],"class_list":["post-143349","post","type-post","status-publish","format-standard","has-post-thumbnail","hentry","category-estado","tag-detenidos","tag-gloria-agavio-alonso","tag-madre","tag-secuestro","tag-tlapacoyan","wp-image-borders"],"amp_enabled":true,"_links":{"self":[{"href":"https:\/\/nvnoticias.mx\/index.php\/wp-json\/wp\/v2\/posts\/143349","targetHints":{"allow":["GET"]}}],"collection":[{"href":"https:\/\/nvnoticias.mx\/index.php\/wp-json\/wp\/v2\/posts"}],"about":[{"href":"https:\/\/nvnoticias.mx\/index.php\/wp-json\/wp\/v2\/types\/post"}],"author":[{"embeddable":true,"href":"https:\/\/nvnoticias.mx\/index.php\/wp-json\/wp\/v2\/users\/8"}],"replies":[{"embeddable":true,"href":"https:\/\/nvnoticias.mx\/index.php\/wp-json\/wp\/v2\/comments?post=143349"}],"version-history":[{"count":1,"href":"https:\/\/nvnoticias.mx\/index.php\/wp-json\/wp\/v2\/posts\/143349\/revisions"}],"predecessor-version":[{"id":143351,"href":"https:\/\/nvnoticias.mx\/index.php\/wp-json\/wp\/v2\/posts\/143349\/revisions\/143351"}],"wp:featuredmedia":[{"embeddable":true,"href":"https:\/\/nvnoticias.mx\/index.php\/wp-json\/wp\/v2\/media\/143350"}],"wp:attachment":[{"href":"https:\/\/nvnoticias.mx\/index.php\/wp-json\/wp\/v2\/media?parent=143349"}],"wp:term":[{"taxonomy":"category","embeddable":true,"href":"https:\/\/nvnoticias.mx\/index.php\/wp-json\/wp\/v2\/categories?post=143349"},{"taxonomy":"post_tag","embeddable":true,"href":"https:\/\/nvnoticias.mx\/index.php\/wp-json\/wp\/v2\/tags?post=143349"}],"curies":[{"name":"wp","href":"https:\/\/api.w.org\/{rel}","templated":true}]}}