{"id":143176,"date":"2024-03-19T10:45:03","date_gmt":"2024-03-19T16:45:03","guid":{"rendered":"https:\/\/nvnoticias.mx\/?p=143176"},"modified":"2024-03-19T10:45:05","modified_gmt":"2024-03-19T16:45:05","slug":"dani-alves-solicita-su-libertad-provisional","status":"publish","type":"post","link":"https:\/\/nvnoticias.mx\/index.php\/2024\/03\/19\/dani-alves-solicita-su-libertad-provisional\/","title":{"rendered":"Dani Alves solicita su libertad provisional"},"content":{"rendered":"\n<p>El futbolista brasile\u00f1o\u00a0<strong>Dani Alves, condenado a cuatro a\u00f1os y medio de prisi\u00f3n por violaci\u00f3n<\/strong>, solicit\u00f3 su\u00a0salida en libertad a la espera de que su sentencia sea firme\u00a0y asegur\u00f3 que no huir\u00eda, en una vista celebrada este martes en Barcelona.<\/p>\n\n\n\n<p>Todas las partes comparecieron ante un tribunal de la&nbsp;<strong>Audiencia de Barcelona para una breve vista a puerta cerrada<\/strong>, destinada a valorar la petici\u00f3n de libertad de la defensa del deportista, sobre la que la Fiscal\u00eda argument\u00f3 su desacuerdo.<\/p>\n\n\n\n<p>La abogada de Alves, In\u00e9s Guardiola, expuso, de su lado, que su cliente, en prisi\u00f3n provisional desde enero del a\u00f1o pasado,&nbsp;<strong>no deber\u00eda continuar en la c\u00e1rcel.<\/strong><\/p>\n\n\n\n<p>Para ello se\u00f1al\u00f3, entre otros argumentos, que&nbsp;<strong>Alves ya cumpli\u00f3 un cuarto de la pena que el tribunal le impuso a finales de febrero<\/strong>&nbsp;&#8211; lo que, en caso de sentencia firme, le habilitar\u00eda para empezar a&nbsp;<strong>tener beneficios penitenciarios<\/strong>&nbsp;&#8211; y asegur\u00f3 adem\u00e1s que no se fugar\u00eda, indicaron fuentes jur\u00eddicas.<\/p>\n\n\n\n<p>La defensa propuso, adem\u00e1s, posibles medidas para facilitar su salida, como el&nbsp;<strong>dep\u00f3sito de una fianza de 50 mil euros<\/strong>&nbsp;(unos 54 mil d\u00f3lares) o la retirada de los dos pasaportes del futbolista, a\u00f1adieron.<\/p>\n\n\n\n<p>Alves, que compareci\u00f3 desde prisi\u00f3n a trav\u00e9s de videoconferencia,&nbsp;<strong>asegur\u00f3 a los jueces que no huir\u00eda en caso de obtener la libertad provisiona<\/strong>l y que cree en la justicia, apuntaron las mismas fuentes.<\/p>\n\n\n\n<p>Estos argumentos no convencieron, sin embargo, a la Fiscal\u00eda, que sigui\u00f3 oponi\u00e9ndose a que el ex jugador del FC Barcelona y del Paris Saint-Germain, entre otros equipos, salga en libertad, ya que\u00a0<strong>considera elevado el riesgo de fuga.<\/strong><\/p>\n\n\n\n<p>Fuente:<a href=\"https:\/\/www.milenio.com\/deportes\/futbol-internacional\/dani-alves-condenado-por-violacion-solicita-su-libertad-provisional\" data-type=\"link\" data-id=\"https:\/\/www.milenio.com\/deportes\/futbol-internacional\/dani-alves-condenado-por-violacion-solicita-su-libertad-provisional\"> El Universal<\/a> <\/p>\n","protected":false},"excerpt":{"rendered":"<p>El futbolista brasile\u00f1o\u00a0Dani Alves, condenado a cuatro a\u00f1os y medio de prisi\u00f3n por violaci\u00f3n, solicit\u00f3 su\u00a0salida en libertad a la espera de que su sentencia sea firme\u00a0y asegur\u00f3 que no huir\u00eda, en una vista celebrada este martes en Barcelona. Todas las partes comparecieron ante un tribunal de la&nbsp;Audiencia de Barcelona para una breve vista a [&hellip;]<\/p>\n","protected":false},"author":35,"featured_media":91026,"comment_status":"open","ping_status":"open","sticky":false,"template":"","format":"standard","meta":{"_monsterinsights_skip_tracking":false,"_monsterinsights_sitenote_active":false,"_monsterinsights_sitenote_note":"","_monsterinsights_sitenote_category":0,"footnotes":""},"categories":[159],"tags":[17616,23370,13049],"class_list":["post-143176","post","type-post","status-publish","format-standard","has-post-thumbnail","hentry","category-deportes","tag-dani-alves","tag-libertad-provisional","tag-solicita","wp-image-borders"],"amp_enabled":true,"_links":{"self":[{"href":"https:\/\/nvnoticias.mx\/index.php\/wp-json\/wp\/v2\/posts\/143176","targetHints":{"allow":["GET"]}}],"collection":[{"href":"https:\/\/nvnoticias.mx\/index.php\/wp-json\/wp\/v2\/posts"}],"about":[{"href":"https:\/\/nvnoticias.mx\/index.php\/wp-json\/wp\/v2\/types\/post"}],"author":[{"embeddable":true,"href":"https:\/\/nvnoticias.mx\/index.php\/wp-json\/wp\/v2\/users\/35"}],"replies":[{"embeddable":true,"href":"https:\/\/nvnoticias.mx\/index.php\/wp-json\/wp\/v2\/comments?post=143176"}],"version-history":[{"count":3,"href":"https:\/\/nvnoticias.mx\/index.php\/wp-json\/wp\/v2\/posts\/143176\/revisions"}],"predecessor-version":[{"id":143179,"href":"https:\/\/nvnoticias.mx\/index.php\/wp-json\/wp\/v2\/posts\/143176\/revisions\/143179"}],"wp:featuredmedia":[{"embeddable":true,"href":"https:\/\/nvnoticias.mx\/index.php\/wp-json\/wp\/v2\/media\/91026"}],"wp:attachment":[{"href":"https:\/\/nvnoticias.mx\/index.php\/wp-json\/wp\/v2\/media?parent=143176"}],"wp:term":[{"taxonomy":"category","embeddable":true,"href":"https:\/\/nvnoticias.mx\/index.php\/wp-json\/wp\/v2\/categories?post=143176"},{"taxonomy":"post_tag","embeddable":true,"href":"https:\/\/nvnoticias.mx\/index.php\/wp-json\/wp\/v2\/tags?post=143176"}],"curies":[{"name":"wp","href":"https:\/\/api.w.org\/{rel}","templated":true}]}}