{"id":143127,"date":"2024-03-18T14:35:39","date_gmt":"2024-03-18T20:35:39","guid":{"rendered":"https:\/\/nvnoticias.mx\/?p=143127"},"modified":"2024-03-18T14:35:41","modified_gmt":"2024-03-18T20:35:41","slug":"deja-buenos-resultados-el-fin-de-semana-largo-en-la-ciudad-de-veracruz","status":"publish","type":"post","link":"https:\/\/nvnoticias.mx\/index.php\/2024\/03\/18\/deja-buenos-resultados-el-fin-de-semana-largo-en-la-ciudad-de-veracruz\/","title":{"rendered":"Deja buenos resultados el fin de semana largo en la ciudad de Veracruz"},"content":{"rendered":"\n<p><strong>Jes\u00fas Utrilla \/ NV Noticias<\/strong><\/p>\n\n\n\n<p>Prestadores de servicios tur\u00edsticos y autoridades municipales esperan 100 por ciento de ocupaci\u00f3n hotelera para la primera semana de vacaciones.<\/p>\n\n\n\n<p>La alcaldesa Patricia Lobeira Rodr\u00edguez dijo que los resultados fueron positivos durante el fin de semana largo y de acuerdo a los integrantes de la industria sin chimeneas las reservaciones son positivas para las vacaciones es, por lo que seguramente habr\u00e1 lleno tal durante la semana mayor.<\/p>\n\n\n\n<blockquote class=\"wp-block-quote is-layout-flow wp-block-quote-is-layout-flow\">\n<p>\u201c<em>Tuvimos las playas llenas y ya se acerca Semana Santa, estoy segura de que vamos a tener una gran afluencia de gente. Estamos listos con todas las \u00e1reas de Protecci\u00f3n Civil y las \u00e1reas del Ayuntamiento para poder dar los mejore servicios a los visitantes y locales<\/em>\u201d.<\/p>\n<\/blockquote>\n\n\n\n<p>Reiter\u00f3 que ser\u00e1 una buena temporada para los restauranteros, comerciantes, hoteleros y prestadores de servicios tur\u00edsticos en general. <\/p>\n\n\n\n<p>Mencion\u00f3 que desde el a\u00f1o pasado Veracruz reporta una importante cantidad de afluencia de personas no solamente nacionales, sino tambi\u00e9n extranjeros. <\/p>\n\n\n\n<p>A la par se mantiene la promoci\u00f3n tur\u00edstica para dar a conocer lo que Veracruz ofrece.<\/p>\n\n\n\n<blockquote class=\"wp-block-quote is-layout-flow wp-block-quote-is-layout-flow\">\n<p>\u201c<em>Ya llevamos una inercia bastante buena. Vemos que cada vez m\u00e1s turistas vienen a disfrutar de nuestra ciudad, no nada m\u00e1s nacionales sino extranjeros. Seguimos promocionando Veracruz a nivel nacional e internacional y estoy segura de que vamos a tener una gran afluencia en estas vacaciones de Semana Santa<\/em>\u201d.<\/p>\n<\/blockquote>\n\n\n\n<p>Insisti\u00f3 que durante el fin de semana largo se tuvo resultados positivos en cuanto a la llegada de pacientes, lo que da un panorama de los resultados que podr\u00e1n obtenerse las vacaciones de Semana Santa.<\/p>\n","protected":false},"excerpt":{"rendered":"<p>Jes\u00fas Utrilla \/ NV Noticias Prestadores de servicios tur\u00edsticos y autoridades municipales esperan 100 por ciento de ocupaci\u00f3n hotelera para la primera semana de vacaciones. La alcaldesa Patricia Lobeira Rodr\u00edguez dijo que los resultados fueron positivos durante el fin de semana largo y de acuerdo a los integrantes de la industria sin chimeneas las reservaciones [&hellip;]<\/p>\n","protected":false},"author":8,"featured_media":143128,"comment_status":"open","ping_status":"open","sticky":false,"template":"","format":"standard","meta":{"_monsterinsights_skip_tracking":false,"_monsterinsights_sitenote_active":false,"_monsterinsights_sitenote_note":"","_monsterinsights_sitenote_category":0,"footnotes":""},"categories":[154],"tags":[5095,4431,180],"class_list":["post-143127","post","type-post","status-publish","format-standard","has-post-thumbnail","hentry","category-veracruz","tag-fin-de-semana","tag-resultados","tag-veracruz","wp-image-borders"],"amp_enabled":true,"_links":{"self":[{"href":"https:\/\/nvnoticias.mx\/index.php\/wp-json\/wp\/v2\/posts\/143127","targetHints":{"allow":["GET"]}}],"collection":[{"href":"https:\/\/nvnoticias.mx\/index.php\/wp-json\/wp\/v2\/posts"}],"about":[{"href":"https:\/\/nvnoticias.mx\/index.php\/wp-json\/wp\/v2\/types\/post"}],"author":[{"embeddable":true,"href":"https:\/\/nvnoticias.mx\/index.php\/wp-json\/wp\/v2\/users\/8"}],"replies":[{"embeddable":true,"href":"https:\/\/nvnoticias.mx\/index.php\/wp-json\/wp\/v2\/comments?post=143127"}],"version-history":[{"count":1,"href":"https:\/\/nvnoticias.mx\/index.php\/wp-json\/wp\/v2\/posts\/143127\/revisions"}],"predecessor-version":[{"id":143129,"href":"https:\/\/nvnoticias.mx\/index.php\/wp-json\/wp\/v2\/posts\/143127\/revisions\/143129"}],"wp:featuredmedia":[{"embeddable":true,"href":"https:\/\/nvnoticias.mx\/index.php\/wp-json\/wp\/v2\/media\/143128"}],"wp:attachment":[{"href":"https:\/\/nvnoticias.mx\/index.php\/wp-json\/wp\/v2\/media?parent=143127"}],"wp:term":[{"taxonomy":"category","embeddable":true,"href":"https:\/\/nvnoticias.mx\/index.php\/wp-json\/wp\/v2\/categories?post=143127"},{"taxonomy":"post_tag","embeddable":true,"href":"https:\/\/nvnoticias.mx\/index.php\/wp-json\/wp\/v2\/tags?post=143127"}],"curies":[{"name":"wp","href":"https:\/\/api.w.org\/{rel}","templated":true}]}}