{"id":143048,"date":"2024-03-18T09:52:48","date_gmt":"2024-03-18T15:52:48","guid":{"rendered":"https:\/\/nvnoticias.mx\/?p=143048"},"modified":"2024-03-18T09:52:50","modified_gmt":"2024-03-18T15:52:50","slug":"conmemoran-el-86o-aniversario-de-la-expropiacion-petrolera-en-veracruz","status":"publish","type":"post","link":"https:\/\/nvnoticias.mx\/index.php\/2024\/03\/18\/conmemoran-el-86o-aniversario-de-la-expropiacion-petrolera-en-veracruz\/","title":{"rendered":"Conmemoran el 86\u00ba Aniversario de la Expropiaci\u00f3n Petrolera en Veracruz"},"content":{"rendered":"\n<p><strong>Jes\u00fas Utrilla \/ NV Noticias<\/strong><\/p>\n\n\n\n<p>En un acto cargado de historia y significado patri\u00f3tico, Petr\u00f3leos Mexicanos (Pemex) conmemor\u00f3 el aniversario n\u00famero 86 de la Expropiaci\u00f3n Petrolera en la ciudad de Veracruz. <\/p>\n\n\n\n<p>La jornada conmemorativa se llev\u00f3 a cabo en el coraz\u00f3n de la ciudad, en el z\u00f3calo, donde trabajadores de la paraestatal se reunieron junto a autoridades municipales para rendir tributo a este acontecimiento trascendental en la historia del pa\u00eds.<\/p>\n\n\n\n<p>La ceremonia, que cont\u00f3 con la presencia de un nutrido contingente de trabajadores, inici\u00f3 con honores a la bandera. <\/p>\n\n\n\n<p>Mientras tanto, sobre la avenida Independencia, otro grupo de empleados se congregaba para dar inicio a un desfile por las calles de Veracruz, en un gesto de conmemoraci\u00f3n y orgullo por la labor que desempe\u00f1an en la industria petrolera nacional.<\/p>\n\n\n\n<p>La marcha conmemorativa recorri\u00f3\u00a0las calles hasta llegar a la avenida D\u00edaz Mir\u00f3n, donde se ubican las instalaciones del sindicato petrolero. Durante el recorrido, los participantes lucieron sus uniformes y exhibieron algunas de las unidades que utilizan en su labor diaria, recordando el compromiso y la dedicaci\u00f3n que caracterizan a los trabajadores de Pemex.<\/p>\n\n\n\n<p>Aprovecharon la marcha para portar cartulinas con consignas y exigir insumos, uniformes, especialistas, m\u00e9dicos, respeto, sus derechos laborales, plazas laborales, entre otros.<\/p>\n\n\n\n<p>Al llegar al Recinto Sindical de la Secci\u00f3n 9, los integrantes de la paraestatal rindieron homenaje al General L\u00e1zaro C\u00e1rdenas Del R\u00edo, el presidente que en 1938 emiti\u00f3 el hist\u00f3rico decreto de Expropiaci\u00f3n Petrolera. <\/p>\n\n\n\n<p>Una ofrenda floral fue colocada ante el busto, en un gesto de gratitud y reconocimiento por su decisi\u00f3n de defender los recursos petroleros de M\u00e9xico.<\/p>\n\n\n\n<p>La Expropiaci\u00f3n Petrolera de 1938 marc\u00f3 un hito en la historia de M\u00e9xico, al consolidar la soberan\u00eda nacional sobre los recursos energ\u00e9ticos del pa\u00eds. <\/p>\n\n\n\n<p>Con la expropiaci\u00f3n de 17 compa\u00f1\u00edas petroleras extranjeras que operaban en territorio mexicano, se sent\u00f3 un precedente de defensa de la Constituci\u00f3n y de los intereses de la naci\u00f3n<\/p>\n","protected":false},"excerpt":{"rendered":"<p>Jes\u00fas Utrilla \/ NV Noticias En un acto cargado de historia y significado patri\u00f3tico, Petr\u00f3leos Mexicanos (Pemex) conmemor\u00f3 el aniversario n\u00famero 86 de la Expropiaci\u00f3n Petrolera en la ciudad de Veracruz. La jornada conmemorativa se llev\u00f3 a cabo en el coraz\u00f3n de la ciudad, en el z\u00f3calo, donde trabajadores de la paraestatal se reunieron junto [&hellip;]<\/p>\n","protected":false},"author":8,"featured_media":143050,"comment_status":"open","ping_status":"open","sticky":false,"template":"","format":"standard","meta":{"_monsterinsights_skip_tracking":false,"_monsterinsights_sitenote_active":false,"_monsterinsights_sitenote_note":"","_monsterinsights_sitenote_category":0,"footnotes":""},"categories":[154],"tags":[3044,3345,12066,162,180],"class_list":["post-143048","post","type-post","status-publish","format-standard","has-post-thumbnail","hentry","category-veracruz","tag-aniversario","tag-desfile","tag-expropiacion-petrolera","tag-portada","tag-veracruz","wp-image-borders"],"amp_enabled":true,"_links":{"self":[{"href":"https:\/\/nvnoticias.mx\/index.php\/wp-json\/wp\/v2\/posts\/143048","targetHints":{"allow":["GET"]}}],"collection":[{"href":"https:\/\/nvnoticias.mx\/index.php\/wp-json\/wp\/v2\/posts"}],"about":[{"href":"https:\/\/nvnoticias.mx\/index.php\/wp-json\/wp\/v2\/types\/post"}],"author":[{"embeddable":true,"href":"https:\/\/nvnoticias.mx\/index.php\/wp-json\/wp\/v2\/users\/8"}],"replies":[{"embeddable":true,"href":"https:\/\/nvnoticias.mx\/index.php\/wp-json\/wp\/v2\/comments?post=143048"}],"version-history":[{"count":1,"href":"https:\/\/nvnoticias.mx\/index.php\/wp-json\/wp\/v2\/posts\/143048\/revisions"}],"predecessor-version":[{"id":143051,"href":"https:\/\/nvnoticias.mx\/index.php\/wp-json\/wp\/v2\/posts\/143048\/revisions\/143051"}],"wp:featuredmedia":[{"embeddable":true,"href":"https:\/\/nvnoticias.mx\/index.php\/wp-json\/wp\/v2\/media\/143050"}],"wp:attachment":[{"href":"https:\/\/nvnoticias.mx\/index.php\/wp-json\/wp\/v2\/media?parent=143048"}],"wp:term":[{"taxonomy":"category","embeddable":true,"href":"https:\/\/nvnoticias.mx\/index.php\/wp-json\/wp\/v2\/categories?post=143048"},{"taxonomy":"post_tag","embeddable":true,"href":"https:\/\/nvnoticias.mx\/index.php\/wp-json\/wp\/v2\/tags?post=143048"}],"curies":[{"name":"wp","href":"https:\/\/api.w.org\/{rel}","templated":true}]}}