{"id":142839,"date":"2024-03-15T12:39:15","date_gmt":"2024-03-15T18:39:15","guid":{"rendered":"https:\/\/nvnoticias.mx\/?p=142839"},"modified":"2024-03-15T12:39:17","modified_gmt":"2024-03-15T18:39:17","slug":"el-martes-abre-nuevamente-el-monte-de-piedad","status":"publish","type":"post","link":"https:\/\/nvnoticias.mx\/index.php\/2024\/03\/15\/el-martes-abre-nuevamente-el-monte-de-piedad\/","title":{"rendered":"El martes abre nuevamente el Monte de Piedad\u00a0"},"content":{"rendered":"\n<p><strong>Jes\u00fas Utrilla \/ NV Noticias<\/strong><\/p>\n\n\n\n<p>Luego de un mes de huelga volver\u00e1 a abrir sus puertas el Nacional Monte de Piedad. En Veracruz atender\u00e1 de nuevo al p\u00fablico el 19 de marzo, se\u00f1al\u00f3 el secretario general de la Secci\u00f3n 7 del Sindicato Nacional de Empleados y Trabajadores del Nacional Monte de Piedad, Ricardo Fern\u00e1ndez Uscanga.<\/p>\n\n\n\n<p>Explic\u00f3 que les autorizaron un&nbsp;aumento salarial de 18 por ciento&nbsp;y otros cambios en su contrato colectivo de trabajo. Por ello los pignorantes podr\u00e1n acudir a las sucursales a partir del martes.<\/p>\n\n\n\n<blockquote class=\"wp-block-quote is-layout-flow wp-block-quote-is-layout-flow\">\n<p>&#8220;<em>El primer minuto del d\u00eda de hoy, la huelga que estaba pr\u00e1cticamente cumpli\u00f3 un mes, concluy\u00f3 el d\u00eda de hoy 15 de marzo, afortunadamente contamos con un Comit\u00e9 Ejecutivo Nacional combativo, responsable, honesto que logr\u00f3 que las condiciones laborales que ten\u00edamos en nuestro contrato colectivo de trabajo quedara a un 99 y puntos igual<\/em>&#8220;.<\/p>\n<\/blockquote>\n\n\n\n<p>A los clientes que pagaron durante la contingencia refrendos o desempe\u00f1os se les abonar\u00e1 \u201cDinero Monte\u201d que pueden utilizar para el pago de refrendos posteriores.<\/p>\n\n\n\n<p>Record\u00f3 que la empresa dar\u00e1 un incremento salarial a sus trabajadores, renstalar\u00e1 a colaboradores despedidos, entre otros acuerdos.<\/p>\n\n\n\n<blockquote class=\"wp-block-quote is-layout-flow wp-block-quote-is-layout-flow\">\n<p>&#8220;<em>Hoy nos dieron el d\u00eda para descansar, pero ma\u00f1ana presumiblemente tenemos que empezar a prender equipos y a componer las cosas para iniciar nuestras labores a partir del pr\u00f3ximo martes, ya ahorita si se asoman en las 12 sucursales que tenemos en la zona conurbada, la bandera rojinegra ya no estar\u00e1 colgando<\/em>&#8220;.<\/p>\n<\/blockquote>\n\n\n\n<p>Cabe recordar que entre los puntos del acuerdo se estableci\u00f3&nbsp;un incremento salarial de 18 por ciento y 100 por ciento del pago de salarios ca\u00eddos.&nbsp;Sobre el Contrato Colectivo de Trabajo se estableci\u00f3 compactar algunas plazas y ampliar las jornadas a 40 horas.<\/p>\n","protected":false},"excerpt":{"rendered":"<p>Jes\u00fas Utrilla \/ NV Noticias Luego de un mes de huelga volver\u00e1 a abrir sus puertas el Nacional Monte de Piedad. En Veracruz atender\u00e1 de nuevo al p\u00fablico el 19 de marzo, se\u00f1al\u00f3 el secretario general de la Secci\u00f3n 7 del Sindicato Nacional de Empleados y Trabajadores del Nacional Monte de Piedad, Ricardo Fern\u00e1ndez Uscanga. [&hellip;]<\/p>\n","protected":false},"author":8,"featured_media":142840,"comment_status":"open","ping_status":"open","sticky":false,"template":"","format":"standard","meta":{"_monsterinsights_skip_tracking":false,"_monsterinsights_sitenote_active":false,"_monsterinsights_sitenote_note":"","_monsterinsights_sitenote_category":0,"footnotes":""},"categories":[154],"tags":[29659,19916,180],"class_list":["post-142839","post","type-post","status-publish","format-standard","has-post-thumbnail","hentry","category-veracruz","tag-guelga","tag-monte-de-piedad","tag-veracruz","wp-image-borders"],"amp_enabled":true,"_links":{"self":[{"href":"https:\/\/nvnoticias.mx\/index.php\/wp-json\/wp\/v2\/posts\/142839","targetHints":{"allow":["GET"]}}],"collection":[{"href":"https:\/\/nvnoticias.mx\/index.php\/wp-json\/wp\/v2\/posts"}],"about":[{"href":"https:\/\/nvnoticias.mx\/index.php\/wp-json\/wp\/v2\/types\/post"}],"author":[{"embeddable":true,"href":"https:\/\/nvnoticias.mx\/index.php\/wp-json\/wp\/v2\/users\/8"}],"replies":[{"embeddable":true,"href":"https:\/\/nvnoticias.mx\/index.php\/wp-json\/wp\/v2\/comments?post=142839"}],"version-history":[{"count":1,"href":"https:\/\/nvnoticias.mx\/index.php\/wp-json\/wp\/v2\/posts\/142839\/revisions"}],"predecessor-version":[{"id":142841,"href":"https:\/\/nvnoticias.mx\/index.php\/wp-json\/wp\/v2\/posts\/142839\/revisions\/142841"}],"wp:featuredmedia":[{"embeddable":true,"href":"https:\/\/nvnoticias.mx\/index.php\/wp-json\/wp\/v2\/media\/142840"}],"wp:attachment":[{"href":"https:\/\/nvnoticias.mx\/index.php\/wp-json\/wp\/v2\/media?parent=142839"}],"wp:term":[{"taxonomy":"category","embeddable":true,"href":"https:\/\/nvnoticias.mx\/index.php\/wp-json\/wp\/v2\/categories?post=142839"},{"taxonomy":"post_tag","embeddable":true,"href":"https:\/\/nvnoticias.mx\/index.php\/wp-json\/wp\/v2\/tags?post=142839"}],"curies":[{"name":"wp","href":"https:\/\/api.w.org\/{rel}","templated":true}]}}