{"id":142750,"date":"2024-03-14T14:16:52","date_gmt":"2024-03-14T20:16:52","guid":{"rendered":"https:\/\/nvnoticias.mx\/?p=142750"},"modified":"2024-03-14T14:16:54","modified_gmt":"2024-03-14T20:16:54","slug":"lider-democrata-en-senado-de-eu-pide-reemplazar-a-netanyahu","status":"publish","type":"post","link":"https:\/\/nvnoticias.mx\/index.php\/2024\/03\/14\/lider-democrata-en-senado-de-eu-pide-reemplazar-a-netanyahu\/","title":{"rendered":"L\u00edder dem\u00f3crata en Senado de EU pide reemplazar a Netanyahu"},"content":{"rendered":"\n<p>El l\u00edder de los dem\u00f3cratas en el Senado de Estados Unidos,&nbsp;<strong>Chuck Schumer<\/strong>, acus\u00f3 este jueves al primer ministro de Israel,&nbsp;<strong>Benjam\u00edn Netanyahu<\/strong>, de ser un&nbsp;<strong>obst\u00e1culo para lograr la paz en Gaza<\/strong>&nbsp;y pidi\u00f3 la celebraci\u00f3n de elecciones para&nbsp;<strong>reemplazarlo<\/strong>.<\/p>\n\n\n\n<p>Estas declaraciones son el mensaje m\u00e1s cr\u00edtico de un alto dirigente del&nbsp;<strong>Partido Dem\u00f3crata<\/strong>&nbsp;contra el Gobierno israel\u00ed desde el inicio de la ofensiva sobre la&nbsp;<strong>Franja de Gaza&nbsp;<\/strong>que arranc\u00f3 tras el ataque de Hamas del 7 de octubre.<\/p>\n\n\n\n<p>&#8220;La coalici\u00f3n de Netanyahu ya no se adapta a las necesidades de Israel despu\u00e9s del 7 de octubre. El mundo ha cambiado radicalmente desde entonces y el pueblo israel\u00ed est\u00e1 siendo asfixiado por una visi\u00f3n de Gobierno estancada en el pasado&#8221;, declar\u00f3 Schumer ante el pleno de la C\u00e1mara Alta.<\/p>\n\n\n\n<p>El l\u00edder de la mayor\u00eda en el Senado, el primer jud\u00edo en ocupar ese cargo, opin\u00f3 que&nbsp;<strong>Netanyahu es uno de &#8220;los mayores obst\u00e1culos para la paz&#8221;<\/strong>&nbsp;junto con Hamas, la ultraderecha israel\u00ed y el presidente de la Autoridad Nacional Palestina,&nbsp;<strong>Mahmud Ab\u00e1s<\/strong>.<\/p>\n\n\n\n<p>Para Schumer, el primer ministro &#8220;<strong>ha perdido el rumbo&nbsp;<\/strong>al poner su supervivencia pol\u00edtica como una prioridad&#8221;, haberse rodeado de ministros de extrema derecha y haber tolerado el elevado n\u00famero de v\u00edctimas en Gaza, lo que ha provocado que &#8220;el apoyo a Israel a nivel mundial est\u00e9 en m\u00ednimos hist\u00f3ricos&#8221;.<\/p>\n\n\n\n<blockquote class=\"wp-block-quote is-layout-flow wp-block-quote-is-layout-flow\">\n<p>&#8220;Israel no puede sobrevivir si se convierte en un&nbsp;<strong>paria<\/strong>&#8220;, advirti\u00f3 el senador.<\/p>\n<\/blockquote>\n\n\n\n<p><\/p>\n\n\n\n<p>Por ello, opin\u00f3 que &#8220;unas nuevas elecciones son la \u00fanica manera de facilitar un proceso de toma de decisiones sano y abierto sobre el futuro de Israel&#8221;.<\/p>\n\n\n\n<p>Fuente: <a href=\"https:\/\/www.eluniversal.com.mx\/mundo\/lider-democrata-en-senado-de-eu-pide-reemplazar-a-netanyahu-dice-que-es-un-obstaculo-para-la-paz-en-gaza\/\" data-type=\"link\" data-id=\"https:\/\/www.eluniversal.com.mx\/mundo\/lider-democrata-en-senado-de-eu-pide-reemplazar-a-netanyahu-dice-que-es-un-obstaculo-para-la-paz-en-gaza\/\">El Universal<\/a> <\/p>\n","protected":false},"excerpt":{"rendered":"<p>El l\u00edder de los dem\u00f3cratas en el Senado de Estados Unidos,&nbsp;Chuck Schumer, acus\u00f3 este jueves al primer ministro de Israel,&nbsp;Benjam\u00edn Netanyahu, de ser un&nbsp;obst\u00e1culo para lograr la paz en Gaza&nbsp;y pidi\u00f3 la celebraci\u00f3n de elecciones para&nbsp;reemplazarlo. Estas declaraciones son el mensaje m\u00e1s cr\u00edtico de un alto dirigente del&nbsp;Partido Dem\u00f3crata&nbsp;contra el Gobierno israel\u00ed desde el inicio [&hellip;]<\/p>\n","protected":false},"author":35,"featured_media":124089,"comment_status":"open","ping_status":"open","sticky":false,"template":"","format":"standard","meta":{"_monsterinsights_skip_tracking":false,"_monsterinsights_sitenote_active":false,"_monsterinsights_sitenote_note":"","_monsterinsights_sitenote_category":0,"footnotes":""},"categories":[181],"tags":[17399,183,9494,21019],"class_list":["post-142750","post","type-post","status-publish","format-standard","has-post-thumbnail","hentry","category-internacional","tag-democrata","tag-estados-unidos","tag-lider","tag-netanyahu","wp-image-borders"],"amp_enabled":true,"_links":{"self":[{"href":"https:\/\/nvnoticias.mx\/index.php\/wp-json\/wp\/v2\/posts\/142750","targetHints":{"allow":["GET"]}}],"collection":[{"href":"https:\/\/nvnoticias.mx\/index.php\/wp-json\/wp\/v2\/posts"}],"about":[{"href":"https:\/\/nvnoticias.mx\/index.php\/wp-json\/wp\/v2\/types\/post"}],"author":[{"embeddable":true,"href":"https:\/\/nvnoticias.mx\/index.php\/wp-json\/wp\/v2\/users\/35"}],"replies":[{"embeddable":true,"href":"https:\/\/nvnoticias.mx\/index.php\/wp-json\/wp\/v2\/comments?post=142750"}],"version-history":[{"count":3,"href":"https:\/\/nvnoticias.mx\/index.php\/wp-json\/wp\/v2\/posts\/142750\/revisions"}],"predecessor-version":[{"id":142753,"href":"https:\/\/nvnoticias.mx\/index.php\/wp-json\/wp\/v2\/posts\/142750\/revisions\/142753"}],"wp:featuredmedia":[{"embeddable":true,"href":"https:\/\/nvnoticias.mx\/index.php\/wp-json\/wp\/v2\/media\/124089"}],"wp:attachment":[{"href":"https:\/\/nvnoticias.mx\/index.php\/wp-json\/wp\/v2\/media?parent=142750"}],"wp:term":[{"taxonomy":"category","embeddable":true,"href":"https:\/\/nvnoticias.mx\/index.php\/wp-json\/wp\/v2\/categories?post=142750"},{"taxonomy":"post_tag","embeddable":true,"href":"https:\/\/nvnoticias.mx\/index.php\/wp-json\/wp\/v2\/tags?post=142750"}],"curies":[{"name":"wp","href":"https:\/\/api.w.org\/{rel}","templated":true}]}}