{"id":142730,"date":"2024-03-14T13:10:42","date_gmt":"2024-03-14T19:10:42","guid":{"rendered":"https:\/\/nvnoticias.mx\/?p=142730"},"modified":"2024-03-14T13:10:44","modified_gmt":"2024-03-14T19:10:44","slug":"el-papa-no-piensa-renunciar-aun-tiene-muchos-proyectos-por-realizar","status":"publish","type":"post","link":"https:\/\/nvnoticias.mx\/index.php\/2024\/03\/14\/el-papa-no-piensa-renunciar-aun-tiene-muchos-proyectos-por-realizar\/","title":{"rendered":"El Papa no piensa renunciar, a\u00fan tiene \u201cmuchos proyectos por realizar\u201d"},"content":{"rendered":"\n<p> El\u00a0<strong>papa Francisco<\/strong>\u00a0dice que no tiene planes de renunciar ni padece\u00a0<strong>problemas de salud<\/strong>\u00a0que lo requieran. En un nuevo libro de memorias, dice que tiene a\u00fan \u201cmuchos proyectos por realizar\u201d.<\/p>\n\n\n\n<p>Francisco, de 87 a\u00f1os, lo dice en una autobiograf\u00eda, \u201cLife: La mia storia nella Storia\u201d (Life: mi historia en la historia), que aparecer\u00e1 el 19 de marzo, en el 11mo aniversario de su coronaci\u00f3n como papa. El vespertino Corriere della Sera public\u00f3 extensos pasajes en su edici\u00f3n del jueves.<\/p>\n\n\n\n<p>En la autobiograf\u00eda, escrita con el periodista italiano\u00a0<strong>Fabio Marchese Ragona<\/strong>, Francisco describe momentos cruciales de su vida y su intersecci\u00f3n con sucesos mundiales (la Segunda Guerra Mundial, la dictadura argentina, las intrigas en el Vaticano) y c\u00f3mo, juntas, afectan sus prioridades como papa.<\/p>\n\n\n\n<p>En un pasaje significativo, se refiere a las conjeturas recurrentes sobre sus problemas de salud, las cr\u00edticas de los conservadores y el significado de todo eso para el futuro de su pontificado. Todos los papas se han visto acosados por esa clase de preguntas, pero la perspectiva de una renuncia papal tom\u00f3 visos de realidad con el hist\u00f3rico pase a retiro de\u00a0<strong>Benedicto XVI\u00a0<\/strong>en 2013.<\/p>\n\n\n\n<p>Francisco, a quien le extirparon parte de un pulm\u00f3n cuando era joven, ha sufrido<strong>&nbsp;ataques de bronquitis<\/strong>, influenza y gripe durante este invierno boreal, y en las \u00faltimas dos semanas ha pedido a un colaborador que lea la mayor\u00eda de sus discursos. En 2021 le extirparon parte de su intestino grueso y el a\u00f1o pasado fue hospitalizado en tres ocasiones, en una de ellas para eliminar tejido cicatrizado de operaciones anteriores debido a un problema de divert\u00edculos en la pared intestinal.<\/p>\n\n\n\n<p><\/p>\n\n\n\n<p>En su autobiograf\u00eda, dice que el papado es un trabajo vitalicio, pero que en el caso de&nbsp;<strong>\u201cun grave impedimento f\u00edsico<\/strong>\u201d, ya ha escrito una carta de renuncia que est\u00e1 depositada en la Secretar\u00eda de Estado.<\/p>\n\n\n\n<blockquote class=\"wp-block-quote is-layout-flow wp-block-quote-is-layout-flow\">\n<p>\u201cPero esta es una hip\u00f3tesis remota, porque en verdad no tengo motivos tan serios que me hagan pensar en una renuncia\u201d, escribi\u00f3. \u201cAlgunos a lo largo de los a\u00f1os tal vez hayan esperado que tarde o temprano, acaso despu\u00e9s de alguna recuperaci\u00f3n, yo hiciera un anuncio de esa clase, pero no hay tal riesgo: gracias al Se\u00f1or, gozo de buena salud y, si Dios quiere, tengo a\u00fan muchos proyectos por realizar\u201d.<\/p>\n<\/blockquote>\n\n\n\n<p>Francisco reconoci\u00f3 que sus detractores dentro y fuera del Vaticano lo han acusado de destruir el papado y han tratado de bloquear las reformas que realiza por mandato de los cardenales que lo eligieron en 2013.<\/p>\n","protected":false},"excerpt":{"rendered":"<p>El\u00a0papa Francisco\u00a0dice que no tiene planes de renunciar ni padece\u00a0problemas de salud\u00a0que lo requieran. En un nuevo libro de memorias, dice que tiene a\u00fan \u201cmuchos proyectos por realizar\u201d. Francisco, de 87 a\u00f1os, lo dice en una autobiograf\u00eda, \u201cLife: La mia storia nella Storia\u201d (Life: mi historia en la historia), que aparecer\u00e1 el 19 de marzo, [&hellip;]<\/p>\n","protected":false},"author":35,"featured_media":27821,"comment_status":"open","ping_status":"open","sticky":false,"template":"","format":"standard","meta":{"_monsterinsights_skip_tracking":false,"_monsterinsights_sitenote_active":false,"_monsterinsights_sitenote_note":"","_monsterinsights_sitenote_category":0,"footnotes":""},"categories":[181],"tags":[4796],"class_list":["post-142730","post","type-post","status-publish","format-standard","has-post-thumbnail","hentry","category-internacional","tag-papa-francisco","wp-image-borders"],"amp_enabled":true,"_links":{"self":[{"href":"https:\/\/nvnoticias.mx\/index.php\/wp-json\/wp\/v2\/posts\/142730","targetHints":{"allow":["GET"]}}],"collection":[{"href":"https:\/\/nvnoticias.mx\/index.php\/wp-json\/wp\/v2\/posts"}],"about":[{"href":"https:\/\/nvnoticias.mx\/index.php\/wp-json\/wp\/v2\/types\/post"}],"author":[{"embeddable":true,"href":"https:\/\/nvnoticias.mx\/index.php\/wp-json\/wp\/v2\/users\/35"}],"replies":[{"embeddable":true,"href":"https:\/\/nvnoticias.mx\/index.php\/wp-json\/wp\/v2\/comments?post=142730"}],"version-history":[{"count":2,"href":"https:\/\/nvnoticias.mx\/index.php\/wp-json\/wp\/v2\/posts\/142730\/revisions"}],"predecessor-version":[{"id":142735,"href":"https:\/\/nvnoticias.mx\/index.php\/wp-json\/wp\/v2\/posts\/142730\/revisions\/142735"}],"wp:featuredmedia":[{"embeddable":true,"href":"https:\/\/nvnoticias.mx\/index.php\/wp-json\/wp\/v2\/media\/27821"}],"wp:attachment":[{"href":"https:\/\/nvnoticias.mx\/index.php\/wp-json\/wp\/v2\/media?parent=142730"}],"wp:term":[{"taxonomy":"category","embeddable":true,"href":"https:\/\/nvnoticias.mx\/index.php\/wp-json\/wp\/v2\/categories?post=142730"},{"taxonomy":"post_tag","embeddable":true,"href":"https:\/\/nvnoticias.mx\/index.php\/wp-json\/wp\/v2\/tags?post=142730"}],"curies":[{"name":"wp","href":"https:\/\/api.w.org\/{rel}","templated":true}]}}