{"id":142704,"date":"2024-03-14T11:13:29","date_gmt":"2024-03-14T17:13:29","guid":{"rendered":"https:\/\/nvnoticias.mx\/?p=142704"},"modified":"2024-03-14T11:13:31","modified_gmt":"2024-03-14T17:13:31","slug":"invitan-a-las-fiestas-patronales-de-san-jose-en-la-congregacion-vargas","status":"publish","type":"post","link":"https:\/\/nvnoticias.mx\/index.php\/2024\/03\/14\/invitan-a-las-fiestas-patronales-de-san-jose-en-la-congregacion-vargas\/","title":{"rendered":"Invitan a las fiestas patronales de San Jos\u00e9 en la congregaci\u00f3n Vargas"},"content":{"rendered":"\n<p><strong>Jes\u00fas Utrilla \/ NV Noticias<\/strong><\/p>\n\n\n\n<p>Del 15 al 17 de marzo se realizar\u00e1n las fiesta patronales en honor a San Jos\u00e9, en la congregaci\u00f3n Vargas del municipio de Veracruz.<\/p>\n\n\n\n<p>La reina de la festividad, Karol Ortiz Palacios, inform\u00f3 que el 15 de marzo se tendr\u00e1 el baile popular en donde se presentar\u00e1 Alfredo \u201cel Pulpo y sus teclados\u201d, alternando con Los Vela, as\u00ed como otras actividades art\u00edsticas y culturales.<\/p>\n\n\n\n<p>El mismo viernes 15 de marzo se realizar\u00e1 a las 5:30 de la tarde la coronaci\u00f3n de los Reyes de las Fiestas Patronales, el s\u00e1bado 16 de marzo tambi\u00e9n a las 5:30 de la tarde se realizar\u00e1 el primer desfile y a las 8:30 de la noche el Palo Encebado.<\/p>\n\n\n\n<blockquote class=\"wp-block-quote is-layout-flow wp-block-quote-is-layout-flow\">\n<p>\u201c<em>La coronaci\u00f3n ser\u00e1 el d\u00eda 15 a las 5:30 en el parque de nuestra localidad de Vargas, al final se har\u00e1 un baile, el d\u00eda 16 se har\u00e1 el primer gran desfile con la compa\u00f1\u00eda de la corte real, el 17 habr\u00e1 una cabalgata en La Pureza a las 12 del medio d\u00eda y se va a recorrer los pueblos cercanos y al llegar a Vargas habr\u00e1 una comida<\/em>\u201d.<\/p>\n<\/blockquote>\n\n\n\n<p>Adem\u00e1s se contar\u00e1 con la feria del pueblo y diversas actividades para todos los asistentes.<\/p>\n\n\n\n<p>Se\u00f1al\u00f3 que Vargas se encuentra a 30 minutos de&nbsp;&nbsp;Veracruz, incluso se puede tomar transporte p\u00fablico en el Centro de la Ciudad de Veracruz.<\/p>\n\n\n\n<p>Afirm\u00f3&nbsp;&nbsp;que la seguridad en el evento est\u00e1 garantizada, de la misma manera habr\u00e1 elementos de tr\u00e1nsito municipal apoyando en la vialidad, y ambulancias para brindar apoyo m\u00e9dico a quien lo requiera.<\/p>\n\n\n\n<blockquote class=\"wp-block-quote is-layout-flow wp-block-quote-is-layout-flow\">\n<p>\u201c<em>Todos est\u00e1n invitados por supuesto que es muy importante que asistan, nosotros nos estamos esforzando para que salga adelante y tambi\u00e9n para que Vargas tenga un poco de reconocimiento y as\u00ed el Puebla se una m\u00e1s, todos est\u00e1n invitados a esta gran fiesta<\/em>\u201d.<\/p>\n<\/blockquote>\n\n\n\n<p>Reiter\u00f3 que se dispondr\u00e1 de un operativo de seguridad, por lo cual la integridad f\u00edsica y patrimonial de los asistentes se encuentra garantizada.<\/p>\n","protected":false},"excerpt":{"rendered":"<p>Jes\u00fas Utrilla \/ NV Noticias Del 15 al 17 de marzo se realizar\u00e1n las fiesta patronales en honor a San Jos\u00e9, en la congregaci\u00f3n Vargas del municipio de Veracruz. La reina de la festividad, Karol Ortiz Palacios, inform\u00f3 que el 15 de marzo se tendr\u00e1 el baile popular en donde se presentar\u00e1 Alfredo \u201cel Pulpo [&hellip;]<\/p>\n","protected":false},"author":8,"featured_media":142708,"comment_status":"open","ping_status":"open","sticky":false,"template":"","format":"standard","meta":{"_monsterinsights_skip_tracking":false,"_monsterinsights_sitenote_active":false,"_monsterinsights_sitenote_note":"","_monsterinsights_sitenote_category":0,"footnotes":""},"categories":[154],"tags":[29645,5085,24301],"class_list":["post-142704","post","type-post","status-publish","format-standard","has-post-thumbnail","hentry","category-veracruz","tag-congregacion-vargas","tag-fiestas-patronales","tag-san-jose","wp-image-borders"],"amp_enabled":true,"_links":{"self":[{"href":"https:\/\/nvnoticias.mx\/index.php\/wp-json\/wp\/v2\/posts\/142704","targetHints":{"allow":["GET"]}}],"collection":[{"href":"https:\/\/nvnoticias.mx\/index.php\/wp-json\/wp\/v2\/posts"}],"about":[{"href":"https:\/\/nvnoticias.mx\/index.php\/wp-json\/wp\/v2\/types\/post"}],"author":[{"embeddable":true,"href":"https:\/\/nvnoticias.mx\/index.php\/wp-json\/wp\/v2\/users\/8"}],"replies":[{"embeddable":true,"href":"https:\/\/nvnoticias.mx\/index.php\/wp-json\/wp\/v2\/comments?post=142704"}],"version-history":[{"count":1,"href":"https:\/\/nvnoticias.mx\/index.php\/wp-json\/wp\/v2\/posts\/142704\/revisions"}],"predecessor-version":[{"id":142709,"href":"https:\/\/nvnoticias.mx\/index.php\/wp-json\/wp\/v2\/posts\/142704\/revisions\/142709"}],"wp:featuredmedia":[{"embeddable":true,"href":"https:\/\/nvnoticias.mx\/index.php\/wp-json\/wp\/v2\/media\/142708"}],"wp:attachment":[{"href":"https:\/\/nvnoticias.mx\/index.php\/wp-json\/wp\/v2\/media?parent=142704"}],"wp:term":[{"taxonomy":"category","embeddable":true,"href":"https:\/\/nvnoticias.mx\/index.php\/wp-json\/wp\/v2\/categories?post=142704"},{"taxonomy":"post_tag","embeddable":true,"href":"https:\/\/nvnoticias.mx\/index.php\/wp-json\/wp\/v2\/tags?post=142704"}],"curies":[{"name":"wp","href":"https:\/\/api.w.org\/{rel}","templated":true}]}}