{"id":1426,"date":"2021-01-17T13:22:32","date_gmt":"2021-01-17T19:22:32","guid":{"rendered":"https:\/\/nvnoticias.mx\/?p=1426"},"modified":"2021-01-17T13:22:34","modified_gmt":"2021-01-17T19:22:34","slug":"se-pronostica-recuperacion-de-temperaturas-para-esta-semana-en-el-estado","status":"publish","type":"post","link":"https:\/\/nvnoticias.mx\/index.php\/2021\/01\/17\/se-pronostica-recuperacion-de-temperaturas-para-esta-semana-en-el-estado\/","title":{"rendered":"Se pronostica recuperaci\u00f3n de temperaturas para esta semana en el Estado"},"content":{"rendered":"\n<p><strong>Jes\u00fas Utrilla \/ NV Noticias<\/strong><\/p>\n\n\n\n<p>A partir de este lunes se prev\u00e9 una recuperaci\u00f3n de las temperaturas para el estado de Veracruz.<\/p>\n\n\n\n<p>De acuerdo al Centro de Previsi\u00f3n del Golfo de M\u00e9xico se prev\u00e9 el restablecimiento de la circulaci\u00f3n anticicl\u00f3nica sobre la porci\u00f3n oriental y Golfo de M\u00e9xico, favoreciendo el incremento de los valores de temperatura diurna especialmente durante el lunes y martes.<\/p>\n\n\n\n<p>Por su parte el \u00e1rea de meteorolog\u00eda de la Secretar\u00eda de Protecci\u00f3n Civil, predijo una gradual disminuci\u00f3n del potencial de lluvias as\u00ed como nieblas aisladas y eventuales.<\/p>\n\n\n\n<p>El lunes, podr\u00eda amanecer a\u00fan con nubosidad y algunas lloviznas en la zona costera central.<\/p>\n\n\n\n<p>Una vaguada se establecer\u00e1 al occidente del Golfo de M\u00e9xico y con los efectos locales de orograf\u00eda y calentamiento diurno, propiciar\u00e1n el potencial de tormentas puntuales fuertes de 25 a 50 mil\u00edmetros en partes altas de las cuencas de los r\u00edos La Antigua y Jamapa-Cotaxtla durante el domingo, disminuyendo el potencial a chubascos dispersos (5.1 a 25 mm) en la cuenca del Papaloapan, incluyendo a la regi\u00f3n de Los Tuxtlas, partes altas del Coatzacoalcos, as\u00ed como dentro de las zonas monta\u00f1osas de las cuencas de los r\u00edos Actopan, La Antigua y Jamapa-Cotaxtla, durante lunes y martes.<\/p>\n\n\n\n<p>El viento dominar\u00e1 del Este y Sureste de 60 a 70 kil\u00f3metros por hora en la porci\u00f3n norte del Estado y rachas de 50 a 60 kil\u00f3metros por hora en el centro de la entidad, durante el martes.<\/p>\n","protected":false},"excerpt":{"rendered":"<p>Jes\u00fas Utrilla \/ NV Noticias A partir de este lunes se prev\u00e9 una recuperaci\u00f3n de las temperaturas para el estado de Veracruz. De acuerdo al Centro de Previsi\u00f3n del Golfo de M\u00e9xico se prev\u00e9 el restablecimiento de la circulaci\u00f3n anticicl\u00f3nica sobre la porci\u00f3n oriental y Golfo de M\u00e9xico, favoreciendo el incremento de los valores de [&hellip;]<\/p>\n","protected":false},"author":6,"featured_media":1427,"comment_status":"open","ping_status":"open","sticky":false,"template":"","format":"standard","meta":{"_monsterinsights_skip_tracking":false,"_monsterinsights_sitenote_active":false,"_monsterinsights_sitenote_note":"","_monsterinsights_sitenote_category":0,"footnotes":""},"categories":[156],"tags":[265,482,180],"class_list":["post-1426","post","type-post","status-publish","format-standard","has-post-thumbnail","hentry","category-estado","tag-clima","tag-temperatura","tag-veracruz","wp-image-borders"],"amp_enabled":true,"_links":{"self":[{"href":"https:\/\/nvnoticias.mx\/index.php\/wp-json\/wp\/v2\/posts\/1426","targetHints":{"allow":["GET"]}}],"collection":[{"href":"https:\/\/nvnoticias.mx\/index.php\/wp-json\/wp\/v2\/posts"}],"about":[{"href":"https:\/\/nvnoticias.mx\/index.php\/wp-json\/wp\/v2\/types\/post"}],"author":[{"embeddable":true,"href":"https:\/\/nvnoticias.mx\/index.php\/wp-json\/wp\/v2\/users\/6"}],"replies":[{"embeddable":true,"href":"https:\/\/nvnoticias.mx\/index.php\/wp-json\/wp\/v2\/comments?post=1426"}],"version-history":[{"count":1,"href":"https:\/\/nvnoticias.mx\/index.php\/wp-json\/wp\/v2\/posts\/1426\/revisions"}],"predecessor-version":[{"id":1428,"href":"https:\/\/nvnoticias.mx\/index.php\/wp-json\/wp\/v2\/posts\/1426\/revisions\/1428"}],"wp:featuredmedia":[{"embeddable":true,"href":"https:\/\/nvnoticias.mx\/index.php\/wp-json\/wp\/v2\/media\/1427"}],"wp:attachment":[{"href":"https:\/\/nvnoticias.mx\/index.php\/wp-json\/wp\/v2\/media?parent=1426"}],"wp:term":[{"taxonomy":"category","embeddable":true,"href":"https:\/\/nvnoticias.mx\/index.php\/wp-json\/wp\/v2\/categories?post=1426"},{"taxonomy":"post_tag","embeddable":true,"href":"https:\/\/nvnoticias.mx\/index.php\/wp-json\/wp\/v2\/tags?post=1426"}],"curies":[{"name":"wp","href":"https:\/\/api.w.org\/{rel}","templated":true}]}}