{"id":142599,"date":"2024-03-13T13:22:56","date_gmt":"2024-03-13T19:22:56","guid":{"rendered":"https:\/\/nvnoticias.mx\/?p=142599"},"modified":"2024-03-13T13:22:58","modified_gmt":"2024-03-13T19:22:58","slug":"rey-felipe-vi-de-espana-alaba-el-coraje-de-las-familias-que-buscan-a-desaparecidos-forzados-en-mexico","status":"publish","type":"post","link":"https:\/\/nvnoticias.mx\/index.php\/2024\/03\/13\/rey-felipe-vi-de-espana-alaba-el-coraje-de-las-familias-que-buscan-a-desaparecidos-forzados-en-mexico\/","title":{"rendered":"Rey Felipe VI de Espa\u00f1a alaba el &#8220;coraje&#8221; de las familias que buscan a desaparecidos forzados en M\u00e9xico"},"content":{"rendered":"\n<p>La ONG mexicana\u00a0<strong>Familias Unidas por Nuestros Desaparecidos Jalisco<\/strong>\u00a0(Fundej) recibi\u00f3 este mi\u00e9rcoles el Premio de Derechos Humanos\u00a0<strong>Rey de Espa\u00f1a<\/strong>\u00a0de manos de\u00a0<strong>Felipe VI<\/strong>, quien alab\u00f3 el &#8220;coraje&#8221; de las familias que buscan a\u00a0<strong>desaparecidos forzados<\/strong>\u00a0en M\u00e9xico y expres\u00f3 su apoyo en su \u201cdif\u00edcil y tan necesaria\u201d labor.<\/p>\n\n\n\n<blockquote class=\"wp-block-quote is-layout-flow wp-block-quote-is-layout-flow\">\n<p>\u201cEn la uni\u00f3n y en la justicia colectiva reside nuestra mayor fortaleza\u201d, dijo el rey en su discurso en el acto celebrado en la&nbsp;<strong>Universidad de Alcal\u00e1<\/strong>&nbsp;de Henares (Madrid), organizadora del galard\u00f3n junto con el Defensor del Pueblo.<\/p>\n<\/blockquote>\n\n\n\n<p>Fundej naci\u00f3 en 2013 de la mano de siete madres, entre ellas Mar\u00eda Guadalupe Aguilar, presente en el acto con otras tres representantes de la entidad, para localizar a sus familiares desaparecidos y a d\u00eda de hoy aglutina a casi 600 familias empe\u00f1adas en encontrarlos.<\/p>\n\n\n\n<p>En M\u00e9xico, se estima que hay unos&nbsp;<strong>110 mil desaparecidos<\/strong>&nbsp;y en Jalisco, en torno a 15 mil, el quinto estado con m\u00e1s personas en paradero desconocido.<\/p>\n\n\n\n<p>El jefe del Estado espa\u00f1ol elogi\u00f3 \u201cla perseverancia y el coraje\u201d de entidades como Fundej que \u201cno permanecen indiferentes ante la adversidad\u201d e incidi\u00f3 en que la desaparici\u00f3n de una sola persona \u201cerosiona la&nbsp;<strong>confianza en las instituciones<\/strong>&nbsp;y desaf\u00eda la conciencia colectiva\u201d.<\/p>\n\n\n\n<blockquote class=\"wp-block-quote is-layout-flow wp-block-quote-is-layout-flow\">\n<p>\u201cLa desaparici\u00f3n de un ser querido genera dolor, incertidumbre, desasosiego, temor y otros muchos sentimientos dif\u00edciles de asimilar. El vac\u00edo que deja se convierte en un eco persistente de preguntas sin respuesta\u201d, lament\u00f3 el monarca, para quien el \u201cflagelo\u201d de las&nbsp;<strong>desapariciones forzadas<\/strong>&nbsp;\u201cha desgarrado el tejido de comunidades enteras\u201d en M\u00e9xico, un pa\u00eds -a\u00f1adi\u00f3- \u201ctan querido por todos los espa\u00f1oles\u201d.<\/p>\n<\/blockquote>\n\n\n\n<p>Fuente: Milenio<\/p>\n\n\n\n<p> <\/p>\n","protected":false},"excerpt":{"rendered":"<p>La ONG mexicana\u00a0Familias Unidas por Nuestros Desaparecidos Jalisco\u00a0(Fundej) recibi\u00f3 este mi\u00e9rcoles el Premio de Derechos Humanos\u00a0Rey de Espa\u00f1a\u00a0de manos de\u00a0Felipe VI, quien alab\u00f3 el &#8220;coraje&#8221; de las familias que buscan a\u00a0desaparecidos forzados\u00a0en M\u00e9xico y expres\u00f3 su apoyo en su \u201cdif\u00edcil y tan necesaria\u201d labor. \u201cEn la uni\u00f3n y en la justicia colectiva reside nuestra mayor [&hellip;]<\/p>\n","protected":false},"author":35,"featured_media":142607,"comment_status":"open","ping_status":"open","sticky":false,"template":"","format":"standard","meta":{"_monsterinsights_skip_tracking":false,"_monsterinsights_sitenote_active":false,"_monsterinsights_sitenote_note":"","_monsterinsights_sitenote_category":0,"footnotes":""},"categories":[181],"tags":[950,29639,292,162,10021],"class_list":["post-142599","post","type-post","status-publish","format-standard","has-post-thumbnail","hentry","category-internacional","tag-desaparecidos","tag-forzados","tag-mexico","tag-portada","tag-rey-felipe-vi","wp-image-borders"],"amp_enabled":true,"_links":{"self":[{"href":"https:\/\/nvnoticias.mx\/index.php\/wp-json\/wp\/v2\/posts\/142599","targetHints":{"allow":["GET"]}}],"collection":[{"href":"https:\/\/nvnoticias.mx\/index.php\/wp-json\/wp\/v2\/posts"}],"about":[{"href":"https:\/\/nvnoticias.mx\/index.php\/wp-json\/wp\/v2\/types\/post"}],"author":[{"embeddable":true,"href":"https:\/\/nvnoticias.mx\/index.php\/wp-json\/wp\/v2\/users\/35"}],"replies":[{"embeddable":true,"href":"https:\/\/nvnoticias.mx\/index.php\/wp-json\/wp\/v2\/comments?post=142599"}],"version-history":[{"count":3,"href":"https:\/\/nvnoticias.mx\/index.php\/wp-json\/wp\/v2\/posts\/142599\/revisions"}],"predecessor-version":[{"id":142608,"href":"https:\/\/nvnoticias.mx\/index.php\/wp-json\/wp\/v2\/posts\/142599\/revisions\/142608"}],"wp:featuredmedia":[{"embeddable":true,"href":"https:\/\/nvnoticias.mx\/index.php\/wp-json\/wp\/v2\/media\/142607"}],"wp:attachment":[{"href":"https:\/\/nvnoticias.mx\/index.php\/wp-json\/wp\/v2\/media?parent=142599"}],"wp:term":[{"taxonomy":"category","embeddable":true,"href":"https:\/\/nvnoticias.mx\/index.php\/wp-json\/wp\/v2\/categories?post=142599"},{"taxonomy":"post_tag","embeddable":true,"href":"https:\/\/nvnoticias.mx\/index.php\/wp-json\/wp\/v2\/tags?post=142599"}],"curies":[{"name":"wp","href":"https:\/\/api.w.org\/{rel}","templated":true}]}}