{"id":14256,"date":"2021-05-25T14:07:47","date_gmt":"2021-05-25T19:07:47","guid":{"rendered":"https:\/\/nvnoticias.mx\/?p=14256"},"modified":"2021-05-25T14:07:48","modified_gmt":"2021-05-25T19:07:48","slug":"empresarios-hoteleros-siguen-pagando-deudas-contraidas","status":"publish","type":"post","link":"https:\/\/nvnoticias.mx\/index.php\/2021\/05\/25\/empresarios-hoteleros-siguen-pagando-deudas-contraidas\/","title":{"rendered":"Empresarios hoteleros siguen pagando deudas contra\u00eddas"},"content":{"rendered":"\n<p><strong>Jes\u00fas Utrilla \/ NV Noticias<\/strong><\/p>\n\n\n\n<p>Empresarios hoteleros contin\u00faan pagando los cr\u00e9ditos obtenidos para sobre llevar los cierres a los que oblig\u00f3 la pandemia.<\/p>\n\n\n\n<p>El presidente de la Asociaci\u00f3n de Hoteles y Moteles de Veracruz y Boca Del R\u00edo, Santiago Caram\u00e9s Chaparro, admiti\u00f3 que a partir de Semana Santa repunt\u00f3 la ocupaci\u00f3n de los hospedajes de la conurbaci\u00f3n, sin embargo, durante 2020 los empresarios se endeudaron para rescatar sus negocios y no despedir mayor personal.<\/p>\n\n\n\n<p>El repunte de los ingresos permitir\u00e1 cubrir los pasivos obtenidos durante el confinamiento que gener\u00f3 p\u00e9rdidas millonarias en el sector.<\/p>\n\n\n\n<p>Y es que para reactivar sus negocios respetaron cupos m\u00ednimos de ocupaci\u00f3n, sin embargo, el gasto de energ\u00eda el\u00e9ctrica era alto, el pago de la n\u00f3mina se mantuvo, erogaron en el consumo de agua, entre otros conceptos.<\/p>\n\n\n\n<blockquote class=\"wp-block-quote is-layout-flow wp-block-quote-is-layout-flow\"><p><em>\u201cEl sector hizo uso de los cr\u00e9ditos muchos que tienen adeudos con el Seguro Social, la Comisi\u00f3n Federal de Electricidad o con los diversos organismos con los que no se puede dejar de cumplir como el pago del agua. En algunos hoteles tienen climas generales para enfriar alguna \u00e1rea, pero est\u00e1 el pago de n\u00f3minas\u201d.<\/em><\/p><\/blockquote>\n\n\n\n<p>El sector tambi\u00e9n se vio afectado por qu\u00e9 no pudo actualizar sus tarifas, ya que de lo contrario las personas no acudir\u00edan a sus negocios.<\/p>\n\n\n\n<p>Pese a ello, la segunda mitad del a\u00f1o podr\u00eda ser favorable ya que se nota una reactivaci\u00f3n de la movilidad.<\/p>\n","protected":false},"excerpt":{"rendered":"<p>Jes\u00fas Utrilla \/ NV Noticias Empresarios hoteleros contin\u00faan pagando los cr\u00e9ditos obtenidos para sobre llevar los cierres a los que oblig\u00f3 la pandemia. El presidente de la Asociaci\u00f3n de Hoteles y Moteles de Veracruz y Boca Del R\u00edo, Santiago Caram\u00e9s Chaparro, admiti\u00f3 que a partir de Semana Santa repunt\u00f3 la ocupaci\u00f3n de los hospedajes de [&hellip;]<\/p>\n","protected":false},"author":6,"featured_media":7485,"comment_status":"open","ping_status":"open","sticky":false,"template":"","format":"standard","meta":{"_monsterinsights_skip_tracking":false,"_monsterinsights_sitenote_active":false,"_monsterinsights_sitenote_note":"","_monsterinsights_sitenote_category":0,"footnotes":""},"categories":[154],"tags":[3947,3946],"class_list":["post-14256","post","type-post","status-publish","format-standard","has-post-thumbnail","hentry","category-veracruz","tag-deudas","tag-empresarios-hoteleros","wp-image-borders"],"amp_enabled":true,"_links":{"self":[{"href":"https:\/\/nvnoticias.mx\/index.php\/wp-json\/wp\/v2\/posts\/14256","targetHints":{"allow":["GET"]}}],"collection":[{"href":"https:\/\/nvnoticias.mx\/index.php\/wp-json\/wp\/v2\/posts"}],"about":[{"href":"https:\/\/nvnoticias.mx\/index.php\/wp-json\/wp\/v2\/types\/post"}],"author":[{"embeddable":true,"href":"https:\/\/nvnoticias.mx\/index.php\/wp-json\/wp\/v2\/users\/6"}],"replies":[{"embeddable":true,"href":"https:\/\/nvnoticias.mx\/index.php\/wp-json\/wp\/v2\/comments?post=14256"}],"version-history":[{"count":1,"href":"https:\/\/nvnoticias.mx\/index.php\/wp-json\/wp\/v2\/posts\/14256\/revisions"}],"predecessor-version":[{"id":14257,"href":"https:\/\/nvnoticias.mx\/index.php\/wp-json\/wp\/v2\/posts\/14256\/revisions\/14257"}],"wp:featuredmedia":[{"embeddable":true,"href":"https:\/\/nvnoticias.mx\/index.php\/wp-json\/wp\/v2\/media\/7485"}],"wp:attachment":[{"href":"https:\/\/nvnoticias.mx\/index.php\/wp-json\/wp\/v2\/media?parent=14256"}],"wp:term":[{"taxonomy":"category","embeddable":true,"href":"https:\/\/nvnoticias.mx\/index.php\/wp-json\/wp\/v2\/categories?post=14256"},{"taxonomy":"post_tag","embeddable":true,"href":"https:\/\/nvnoticias.mx\/index.php\/wp-json\/wp\/v2\/tags?post=14256"}],"curies":[{"name":"wp","href":"https:\/\/api.w.org\/{rel}","templated":true}]}}