{"id":14241,"date":"2021-05-25T12:39:58","date_gmt":"2021-05-25T17:39:58","guid":{"rendered":"https:\/\/nvnoticias.mx\/?p=14241"},"modified":"2021-05-25T12:40:00","modified_gmt":"2021-05-25T17:40:00","slug":"se-mantienen-los-fallecimientos-por-coronavirus","status":"publish","type":"post","link":"https:\/\/nvnoticias.mx\/index.php\/2021\/05\/25\/se-mantienen-los-fallecimientos-por-coronavirus\/","title":{"rendered":"Se mantienen los fallecimientos por coronavirus"},"content":{"rendered":"\n<p><strong>Jes\u00fas Utrilla \/ NV Noticias<\/strong><\/p>\n\n\n\n<p>Los fallecimientos por coronavirus se siguen suscitando debido a que las personas bajaron la guardia porque consideran que la jornada de vacunaci\u00f3n disminuy\u00f3 el riesgo de contagio, se\u00f1al\u00f3 Jaqueline Rivera, directora de Funeraria del \u00c1ngel.<\/p>\n\n\n\n<p>Admiti\u00f3 que las muertes disminuyeron 60 por ciento en comparaci\u00f3n al a\u00f1o pasado, sin embargo, en la \u00faltima semana se report\u00f3 un incremento de 10 por ciento.<\/p>\n\n\n\n<blockquote class=\"wp-block-quote is-layout-flow wp-block-quote-is-layout-flow\"><p><em>\u201cYo creo que se est\u00e1n confiando de la vacunaci\u00f3n y con el sem\u00e1foro verde. La gente ya no se est\u00e1 cuidando y en la \u00faltima semana hubo nuevamente un incremento de muertes. Se est\u00e1n estabilizando las condiciones pero no significa que ya no hay fallecimientos. Los h\u00e1bitos alimenticios cambiaron y hay m\u00e1s infartos\u201d.<\/em><\/p><\/blockquote>\n\n\n\n<p>Aunque Veracruz no se encuentra a niveles del a\u00f1o pasado, las personas comenzaron a confiarse por la aplicaci\u00f3n de la vacuna y los cambios de sem\u00e1foro epidemiol\u00f3gico lo que gener\u00f3 un ligero incremento en muertes por COVID-19.<\/p>\n\n\n\n<p>Aunado a ello hay m\u00e1s servicios funerarios por infartos, pues debido al confinamiento las personas descuidaron su alimentaci\u00f3n y enfermaron de diabetes o hipertensi\u00f3n.<\/p>\n","protected":false},"excerpt":{"rendered":"<p>Jes\u00fas Utrilla \/ NV Noticias Los fallecimientos por coronavirus se siguen suscitando debido a que las personas bajaron la guardia porque consideran que la jornada de vacunaci\u00f3n disminuy\u00f3 el riesgo de contagio, se\u00f1al\u00f3 Jaqueline Rivera, directora de Funeraria del \u00c1ngel. Admiti\u00f3 que las muertes disminuyeron 60 por ciento en comparaci\u00f3n al a\u00f1o pasado, sin embargo, [&hellip;]<\/p>\n","protected":false},"author":6,"featured_media":3132,"comment_status":"open","ping_status":"open","sticky":false,"template":"","format":"standard","meta":{"_monsterinsights_skip_tracking":false,"_monsterinsights_sitenote_active":false,"_monsterinsights_sitenote_note":"","_monsterinsights_sitenote_category":0,"footnotes":""},"categories":[154],"tags":[359,3943],"class_list":["post-14241","post","type-post","status-publish","format-standard","has-post-thumbnail","hentry","category-veracruz","tag-coronavirus","tag-fallecimientos","wp-image-borders"],"amp_enabled":true,"_links":{"self":[{"href":"https:\/\/nvnoticias.mx\/index.php\/wp-json\/wp\/v2\/posts\/14241","targetHints":{"allow":["GET"]}}],"collection":[{"href":"https:\/\/nvnoticias.mx\/index.php\/wp-json\/wp\/v2\/posts"}],"about":[{"href":"https:\/\/nvnoticias.mx\/index.php\/wp-json\/wp\/v2\/types\/post"}],"author":[{"embeddable":true,"href":"https:\/\/nvnoticias.mx\/index.php\/wp-json\/wp\/v2\/users\/6"}],"replies":[{"embeddable":true,"href":"https:\/\/nvnoticias.mx\/index.php\/wp-json\/wp\/v2\/comments?post=14241"}],"version-history":[{"count":1,"href":"https:\/\/nvnoticias.mx\/index.php\/wp-json\/wp\/v2\/posts\/14241\/revisions"}],"predecessor-version":[{"id":14242,"href":"https:\/\/nvnoticias.mx\/index.php\/wp-json\/wp\/v2\/posts\/14241\/revisions\/14242"}],"wp:featuredmedia":[{"embeddable":true,"href":"https:\/\/nvnoticias.mx\/index.php\/wp-json\/wp\/v2\/media\/3132"}],"wp:attachment":[{"href":"https:\/\/nvnoticias.mx\/index.php\/wp-json\/wp\/v2\/media?parent=14241"}],"wp:term":[{"taxonomy":"category","embeddable":true,"href":"https:\/\/nvnoticias.mx\/index.php\/wp-json\/wp\/v2\/categories?post=14241"},{"taxonomy":"post_tag","embeddable":true,"href":"https:\/\/nvnoticias.mx\/index.php\/wp-json\/wp\/v2\/tags?post=14241"}],"curies":[{"name":"wp","href":"https:\/\/api.w.org\/{rel}","templated":true}]}}