{"id":14234,"date":"2021-05-25T12:02:19","date_gmt":"2021-05-25T17:02:19","guid":{"rendered":"https:\/\/nvnoticias.mx\/?p=14234"},"modified":"2021-05-25T12:07:26","modified_gmt":"2021-05-25T17:07:26","slug":"amlo-y-su-intento-de-controlar-a-la-oposicion-politica-el-gobernador-de-tamaulipas-vs-el-presidente","status":"publish","type":"post","link":"https:\/\/nvnoticias.mx\/index.php\/2021\/05\/25\/amlo-y-su-intento-de-controlar-a-la-oposicion-politica-el-gobernador-de-tamaulipas-vs-el-presidente\/","title":{"rendered":"AMLO y su intento de controlar a la oposici\u00f3n pol\u00edtica (El Gobernador de Tamaulipas vs El Presidente)"},"content":{"rendered":"\n<p><strong>Antecedentes Pol\u00edticos:<\/strong><\/p>\n\n\n\n<ul class=\"wp-block-list\" type=\"1\"><li>Al inicio de la Pandemia los Gobernadores de Tamaulipas, Nuevo Le\u00f3n y Coahuila se unieron para exigir a la Federaci\u00f3n mayores apoyos a los Sistema de Salud de dicha regi\u00f3n para efecto de combatir el COVID, y sobre todo exigieron la revisi\u00f3n del Pacto Fiscal, en raz\u00f3n que dichos Estados se\u00f1alan que aportaban m\u00e1s de lo que recib\u00edan, incluso hubo amenazas de salirse del citado Pacto Fiscal. Posteriormente se unieron a estos tres gobernadores, 9 gobernadores m\u00e1s (todos de partido de oposici\u00f3n) formando la denominada Alianza Federalista, la cual cuestiona los intereses de la federaci\u00f3n con las entidades. Uno de sus representantes es precisamente el Gobernador de Tamaulipas.<\/li><\/ul>\n\n\n\n<ul class=\"wp-block-list\"><li>Durante una de las ma\u00f1anera el Gobernador de Tamaulipas cuestiono al Presidente de la Rep\u00fablica sobre una guerra sucia que hab\u00eda en contra de \u00e9l y su gobierno, desde el gobierno federal, en marco del proceso electoral 2021. (Declaraciones conocidas por todos los medios)<\/li><\/ul>\n\n\n\n<p><strong>Antecedentes jur\u00eddicos<\/strong><\/p>\n\n\n\n<ul class=\"wp-block-list\"><li>En julio del 2020 la UIF y FGR&nbsp; denuncia a Francisco Cabeza de Vaca, junto a su mam\u00e1, a su hermano, a su esposa, su suegro, por delitos de lavado de dinero y delincuencia organizada.<\/li><\/ul>\n\n\n\n<ul class=\"wp-block-list\"><li>Aunado a esto se vinieron las declaraciones de Lozoya en contra del Gobernador, se\u00f1alando que hab\u00eda sido uno de los senadores del PAN que hab\u00eda recibido dinero para aprobar la reforma energ\u00e9tica.<\/li><\/ul>\n\n\n\n<ul class=\"wp-block-list\"><li>El 23 de febrero de 2021, la Fiscal\u00eda General de la Rep\u00fablica (FGR) solicit\u00f3 a la C\u00e1mara de Diputados el desafuero de Garc\u00eda Cabeza de Vaca, por su probable comisi\u00f3n de los delitos de delincuencia organizada, operaciones con recursos de procedencia il\u00edcita y defraudaci\u00f3n fiscal equiparada. De acuerdo con la Fiscal\u00eda General de la Rep\u00fablica y de la Unidad de Inteligencia Financiera (UIF), Francisco Javier Garc\u00eda Cabeza de Vaca, estar\u00eda presuntamente implicado en la triangulaci\u00f3n de 42 millones de pesos con una empresa sospechosa para el gobierno de Estados Unidos.<\/li><\/ul>\n\n\n\n<p><strong>Antecedentes en los Congresos<\/strong><\/p>\n\n\n\n<ul class=\"wp-block-list\"><li>MORENA junto a sus Partidos Aliados aprob\u00f3 la petici\u00f3n de desafuero del Gobernador para poder ser procesado por Delitos Federales, remitiendo el expediente al Congreso Local.<\/li><li>La petici\u00f3n fue rechazada por el Congreso de Tamaulipas, por lo cual dejando el fuero al Gobernador durante lo que le resta su mandato.<\/li><\/ul>\n\n\n\n<p><strong>Antecedentes en SCJN<\/strong><\/p>\n\n\n\n<ul class=\"wp-block-list\"><li>El Congreso del Estado promueve una Controversia Constitucional contra la decisi\u00f3n del Congreso Federal. La Corte desecha el recurso, se\u00f1alando que no hay materia para el juicio, sin embargo, da entender en su resoluci\u00f3n que el Gobernador del Estado a\u00fan mantiene su fuero, ya que dice que la \u00faltima palabra del desafuero la tiene el Congreso Estatal.<\/li><li>La FGR presenta un Recurso de Reclamaci\u00f3n en contra de dicha resoluci\u00f3n porque se\u00f1ala que le perjudica al decir que el Gobernador a\u00fan tiene Fuero.<\/li><\/ul>\n\n\n\n<p><strong>La Orden de Aprehensi\u00f3n<\/strong><\/p>\n\n\n\n<ul class=\"wp-block-list\" type=\"1\"><li>Sin embargo, mi\u00e9rcoles 19 de mayo, el juez de distrito, dict\u00f3 orden de aprehensi\u00f3n en contra de Garc\u00eda Cabeza de Vaca por el delito de delincuencia organizada.<\/li><\/ul>\n\n\n\n<p><strong>Senadores de MORENA<\/strong><\/p>\n\n\n\n<ul class=\"wp-block-list\" type=\"1\"><li>Grupo de MORENA a trav\u00e9s de Ricardo Monreal pr\u00e1cticamente amenaza que, si el Gobernador no pide licencia para separarse del cargo y atender los procesos legales, buscar\u00e1n \u201cdesaparecer poderes locales\u201d para que se designe un nuevo Gobernador.<\/li><\/ul>\n\n\n\n<p><strong>Los nuevos delincuentes<\/strong><\/p>\n\n\n\n<ul class=\"wp-block-list\" type=\"1\"><li>El art\u00edculo 225 fracci\u00f3n XIX del C\u00f3digo Penal Federal se\u00f1ala: Es un delito &#8220;abrir procedimiento penal contra un servidor p\u00fablico, con fuero, sin hab\u00e9rsele retirado \u00e9ste previamente, conforme a lo dispuesto por la ley&#8221;.<\/li><\/ul>\n\n\n\n<p>Francisco Garc\u00eda Cabeza de Vaca deja de tener fuero y se vuelve un ciudadano normal, \u00bfCu\u00e1l es la urgencia del Gobierno Federal de procesarlo durante las elecciones? M\u00e1s all\u00e1 de que si el Gobernador de Tamaulipas cometi\u00f3 un delito, estamos ante una disputa pol\u00edtica por tener el control de la oposici\u00f3n y de las instituciones de parte del Poder Ejecutivo Federal, la Ley es clara mientras un Gobernador mantenga su fuero no puede ser sujeto a un proceso penal, hasta que termine su mandato, y su mandato termina en 6 meses. \u00bfCu\u00e1l es la urgencia de confrontarse o desaparecer los poderes en una entidad?<\/p>\n\n\n\n<p class=\"has-text-align-right\"><strong>Lic. Luis Enrique Villalobos Urbina<\/strong><\/p>\n","protected":false},"excerpt":{"rendered":"<p>Antecedentes Pol\u00edticos: Al inicio de la Pandemia los Gobernadores de Tamaulipas, Nuevo Le\u00f3n y Coahuila se unieron para exigir a la Federaci\u00f3n mayores apoyos a los Sistema de Salud de dicha regi\u00f3n para efecto de combatir el COVID, y sobre todo exigieron la revisi\u00f3n del Pacto Fiscal, en raz\u00f3n que dichos Estados se\u00f1alan que aportaban [&hellip;]<\/p>\n","protected":false},"author":25,"featured_media":13807,"comment_status":"open","ping_status":"open","sticky":false,"template":"","format":"standard","meta":{"_monsterinsights_skip_tracking":false,"_monsterinsights_sitenote_active":false,"_monsterinsights_sitenote_note":"","_monsterinsights_sitenote_category":0,"footnotes":""},"categories":[241],"tags":[330],"class_list":["post-14234","post","type-post","status-publish","format-standard","has-post-thumbnail","hentry","category-de-derecho-politica-y-seguridad","tag-luis-enrique-villalobos-urbina","wp-image-borders"],"amp_enabled":true,"_links":{"self":[{"href":"https:\/\/nvnoticias.mx\/index.php\/wp-json\/wp\/v2\/posts\/14234","targetHints":{"allow":["GET"]}}],"collection":[{"href":"https:\/\/nvnoticias.mx\/index.php\/wp-json\/wp\/v2\/posts"}],"about":[{"href":"https:\/\/nvnoticias.mx\/index.php\/wp-json\/wp\/v2\/types\/post"}],"author":[{"embeddable":true,"href":"https:\/\/nvnoticias.mx\/index.php\/wp-json\/wp\/v2\/users\/25"}],"replies":[{"embeddable":true,"href":"https:\/\/nvnoticias.mx\/index.php\/wp-json\/wp\/v2\/comments?post=14234"}],"version-history":[{"count":2,"href":"https:\/\/nvnoticias.mx\/index.php\/wp-json\/wp\/v2\/posts\/14234\/revisions"}],"predecessor-version":[{"id":14237,"href":"https:\/\/nvnoticias.mx\/index.php\/wp-json\/wp\/v2\/posts\/14234\/revisions\/14237"}],"wp:featuredmedia":[{"embeddable":true,"href":"https:\/\/nvnoticias.mx\/index.php\/wp-json\/wp\/v2\/media\/13807"}],"wp:attachment":[{"href":"https:\/\/nvnoticias.mx\/index.php\/wp-json\/wp\/v2\/media?parent=14234"}],"wp:term":[{"taxonomy":"category","embeddable":true,"href":"https:\/\/nvnoticias.mx\/index.php\/wp-json\/wp\/v2\/categories?post=14234"},{"taxonomy":"post_tag","embeddable":true,"href":"https:\/\/nvnoticias.mx\/index.php\/wp-json\/wp\/v2\/tags?post=14234"}],"curies":[{"name":"wp","href":"https:\/\/api.w.org\/{rel}","templated":true}]}}