{"id":142253,"date":"2024-03-10T12:00:04","date_gmt":"2024-03-10T18:00:04","guid":{"rendered":"https:\/\/nvnoticias.mx\/?p=142253"},"modified":"2024-03-10T12:00:05","modified_gmt":"2024-03-10T18:00:05","slug":"ryan-gosling-ensaya-im-just-ken-tema-que-cantara-en-los-oscar","status":"publish","type":"post","link":"https:\/\/nvnoticias.mx\/index.php\/2024\/03\/10\/ryan-gosling-ensaya-im-just-ken-tema-que-cantara-en-los-oscar\/","title":{"rendered":"Ryan Gosling ensaya &#8220;I&#8217;m Just Ken&#8221;, tema que cantar\u00e1 en los Oscar"},"content":{"rendered":"\n<p><strong>Ryan Gosling<\/strong>, nominado al Oscar por la exitosa pel\u00edcula &#8220;<strong>Barbie<\/strong>&#8220;, cantar\u00e1 en vivo en la gala de los Premios Oscar\u00a0la balada\u00a0<strong>&#8220;I&#8217;m Just Ken&#8221;<\/strong>, que tambi\u00e9n compite por un premio. En la pel\u00edcula, el actor lidera a una horda de Kens a trav\u00e9s de una coreograf\u00eda \u00e9pica.<\/p>\n\n\n\n<blockquote class=\"wp-block-quote is-layout-flow wp-block-quote-is-layout-flow\">\n<p>&#8220;Al parecer no importa lo que haga \/ Siempre soy el n\u00famero dos&#8221;, se lamenta en la canci\u00f3n. &#8220;Solo soy Ken \/ En cualquier otro lugar, ser\u00eda un 10 \/ \u00bfEs este mi destino? \/ \u00bfVivir y morir una vida de rubia fragilidad?&#8221;, contin\u00faa.<\/p>\n<\/blockquote>\n\n\n\n<p>La canci\u00f3n, que alcanz\u00f3 la lista Billboard Hot 100, est\u00e1 siendo ensayada por el actor un d\u00eda previo al gran evento que premia a\u00f1o con a\u00f1o a lo mejor del cine; una foto lo muestra en dicho ensayo en el que aparece con micr\u00f3fono en mano y lentes oscuros.<\/p>\n\n\n\n<p>Fuente: <a href=\"https:\/\/www.eluniversal.com.mx\/espectaculos\/ryan-gosling-se-prepara-ensaya-im-just-ken-tema-que-cantara-en-los-oscar\/\" data-type=\"link\" data-id=\"https:\/\/www.eluniversal.com.mx\/espectaculos\/ryan-gosling-se-prepara-ensaya-im-just-ken-tema-que-cantara-en-los-oscar\/\">El Universal<\/a> <\/p>\n","protected":false},"excerpt":{"rendered":"<p>Ryan Gosling, nominado al Oscar por la exitosa pel\u00edcula &#8220;Barbie&#8220;, cantar\u00e1 en vivo en la gala de los Premios Oscar\u00a0la balada\u00a0&#8220;I&#8217;m Just Ken&#8221;, que tambi\u00e9n compite por un premio. En la pel\u00edcula, el actor lidera a una horda de Kens a trav\u00e9s de una coreograf\u00eda \u00e9pica. &#8220;Al parecer no importa lo que haga \/ Siempre [&hellip;]<\/p>\n","protected":false},"author":35,"featured_media":59897,"comment_status":"open","ping_status":"open","sticky":false,"template":"","format":"standard","meta":{"_monsterinsights_skip_tracking":false,"_monsterinsights_sitenote_active":false,"_monsterinsights_sitenote_note":"","_monsterinsights_sitenote_category":0,"footnotes":""},"categories":[576],"tags":[29244,6769],"class_list":["post-142253","post","type-post","status-publish","format-standard","has-post-thumbnail","hentry","category-ocio","tag-oscar-2024","tag-ryan-gosling","wp-image-borders"],"amp_enabled":true,"_links":{"self":[{"href":"https:\/\/nvnoticias.mx\/index.php\/wp-json\/wp\/v2\/posts\/142253","targetHints":{"allow":["GET"]}}],"collection":[{"href":"https:\/\/nvnoticias.mx\/index.php\/wp-json\/wp\/v2\/posts"}],"about":[{"href":"https:\/\/nvnoticias.mx\/index.php\/wp-json\/wp\/v2\/types\/post"}],"author":[{"embeddable":true,"href":"https:\/\/nvnoticias.mx\/index.php\/wp-json\/wp\/v2\/users\/35"}],"replies":[{"embeddable":true,"href":"https:\/\/nvnoticias.mx\/index.php\/wp-json\/wp\/v2\/comments?post=142253"}],"version-history":[{"count":3,"href":"https:\/\/nvnoticias.mx\/index.php\/wp-json\/wp\/v2\/posts\/142253\/revisions"}],"predecessor-version":[{"id":142256,"href":"https:\/\/nvnoticias.mx\/index.php\/wp-json\/wp\/v2\/posts\/142253\/revisions\/142256"}],"wp:featuredmedia":[{"embeddable":true,"href":"https:\/\/nvnoticias.mx\/index.php\/wp-json\/wp\/v2\/media\/59897"}],"wp:attachment":[{"href":"https:\/\/nvnoticias.mx\/index.php\/wp-json\/wp\/v2\/media?parent=142253"}],"wp:term":[{"taxonomy":"category","embeddable":true,"href":"https:\/\/nvnoticias.mx\/index.php\/wp-json\/wp\/v2\/categories?post=142253"},{"taxonomy":"post_tag","embeddable":true,"href":"https:\/\/nvnoticias.mx\/index.php\/wp-json\/wp\/v2\/tags?post=142253"}],"curies":[{"name":"wp","href":"https:\/\/api.w.org\/{rel}","templated":true}]}}