{"id":142206,"date":"2024-03-10T09:24:21","date_gmt":"2024-03-10T15:24:21","guid":{"rendered":"https:\/\/nvnoticias.mx\/?p=142206"},"modified":"2024-03-10T09:24:22","modified_gmt":"2024-03-10T15:24:22","slug":"declara-papa-francisco-que-debes-negociar-si-estas-derrotado-sobre-la-guerra-en-ucrania","status":"publish","type":"post","link":"https:\/\/nvnoticias.mx\/index.php\/2024\/03\/10\/declara-papa-francisco-que-debes-negociar-si-estas-derrotado-sobre-la-guerra-en-ucrania\/","title":{"rendered":"Declara papa Francisco que \u201cdebes negociar si est\u00e1s derrotado\u201d, sobre la guerra en Ucrania"},"content":{"rendered":"\n<p>El <strong>papa Francisco<\/strong>\u00a0inst\u00f3 a las partes en conflicto en Ucrania a negociar \u201cantes de que las cosas empeoren\u201d, en una entrevista difundida este s\u00e1bado por la televisi\u00f3n suiza. \u201cCreo que son m\u00e1s fuertes quienes ven la situaci\u00f3n, quienes piensan en el pueblo, quienes tienen el coraje de izar la bandera blanca y negociar\u201d, declar\u00f3 el Papa durante una entrevista de la radio televisi\u00f3n suiza RTS, realizada a inicios de febrero.<\/p>\n\n\n\n<blockquote class=\"wp-block-quote is-layout-flow wp-block-quote-is-layout-flow\">\n<p>\u201cLa palabra negociar es una palabra valiente. Cuando ves que est\u00e1s derrotado, que las cosas no van bien, necesitas tener el coraje de negociar\u201d, a\u00f1adi\u00f3 el&nbsp;<strong>Pont\u00edfice.<\/strong><\/p>\n<\/blockquote>\n\n\n\n<blockquote class=\"wp-block-quote is-layout-flow wp-block-quote-is-layout-flow\">\n<p>\u201cTe da verg\u00fcenza, pero \u00bfcon cu\u00e1ntas muertes terminar\u00e1?\u201d, continu\u00f3 el jesuita argentino, de 87 a\u00f1os. \u201cEn la guerra de Ucrania, hay muchos que quieren actuar como mediadores (&#8230;) No tengan verg\u00fcenza de negociar antes de que las cosas empeoren\u201d, inst\u00f3. En las primeras semanas de la guerra, que empez\u00f3 con la invasi\u00f3n rusa de Ucrania el 24 de febrero de 2022, Turqu\u00eda hab\u00eda acogido negociaciones de paz entre ambos pa\u00edses, aunque fracasaron. Los periodistas tambi\u00e9n le preguntaron sobre la guerra entre Israel y el movimiento islamista&nbsp;<strong>Hamas en la Franja de Gaza<\/strong>. \u201cLa guerra la hacen dos, no uno. Los irresponsables son dos que hacen la guerra\u201d, dijo.<\/p>\n<\/blockquote>\n\n\n\n<p>Fuente:<a href=\"https:\/\/www.eluniversal.com.mx\/mundo\/debes-negociar-si-estas-derrotado-dice-el-papa-francisco-sobre-ucrania\/\" data-type=\"link\" data-id=\"https:\/\/www.eluniversal.com.mx\/mundo\/debes-negociar-si-estas-derrotado-dice-el-papa-francisco-sobre-ucrania\/\"> El Universal<\/a> <\/p>\n","protected":false},"excerpt":{"rendered":"<p>El papa Francisco\u00a0inst\u00f3 a las partes en conflicto en Ucrania a negociar \u201cantes de que las cosas empeoren\u201d, en una entrevista difundida este s\u00e1bado por la televisi\u00f3n suiza. \u201cCreo que son m\u00e1s fuertes quienes ven la situaci\u00f3n, quienes piensan en el pueblo, quienes tienen el coraje de izar la bandera blanca y negociar\u201d, declar\u00f3 el [&hellip;]<\/p>\n","protected":false},"author":35,"featured_media":27821,"comment_status":"open","ping_status":"open","sticky":false,"template":"","format":"standard","meta":{"_monsterinsights_skip_tracking":false,"_monsterinsights_sitenote_active":false,"_monsterinsights_sitenote_note":"","_monsterinsights_sitenote_category":0,"footnotes":""},"categories":[181],"tags":[187,4796,5041],"class_list":["post-142206","post","type-post","status-publish","format-standard","has-post-thumbnail","hentry","category-internacional","tag-guerra","tag-papa-francisco","tag-ucrania","wp-image-borders"],"amp_enabled":true,"_links":{"self":[{"href":"https:\/\/nvnoticias.mx\/index.php\/wp-json\/wp\/v2\/posts\/142206","targetHints":{"allow":["GET"]}}],"collection":[{"href":"https:\/\/nvnoticias.mx\/index.php\/wp-json\/wp\/v2\/posts"}],"about":[{"href":"https:\/\/nvnoticias.mx\/index.php\/wp-json\/wp\/v2\/types\/post"}],"author":[{"embeddable":true,"href":"https:\/\/nvnoticias.mx\/index.php\/wp-json\/wp\/v2\/users\/35"}],"replies":[{"embeddable":true,"href":"https:\/\/nvnoticias.mx\/index.php\/wp-json\/wp\/v2\/comments?post=142206"}],"version-history":[{"count":3,"href":"https:\/\/nvnoticias.mx\/index.php\/wp-json\/wp\/v2\/posts\/142206\/revisions"}],"predecessor-version":[{"id":142209,"href":"https:\/\/nvnoticias.mx\/index.php\/wp-json\/wp\/v2\/posts\/142206\/revisions\/142209"}],"wp:featuredmedia":[{"embeddable":true,"href":"https:\/\/nvnoticias.mx\/index.php\/wp-json\/wp\/v2\/media\/27821"}],"wp:attachment":[{"href":"https:\/\/nvnoticias.mx\/index.php\/wp-json\/wp\/v2\/media?parent=142206"}],"wp:term":[{"taxonomy":"category","embeddable":true,"href":"https:\/\/nvnoticias.mx\/index.php\/wp-json\/wp\/v2\/categories?post=142206"},{"taxonomy":"post_tag","embeddable":true,"href":"https:\/\/nvnoticias.mx\/index.php\/wp-json\/wp\/v2\/tags?post=142206"}],"curies":[{"name":"wp","href":"https:\/\/api.w.org\/{rel}","templated":true}]}}