{"id":1422,"date":"2021-01-17T12:45:12","date_gmt":"2021-01-17T18:45:12","guid":{"rendered":"https:\/\/nvnoticias.mx\/?p=1422"},"modified":"2021-01-17T12:49:24","modified_gmt":"2021-01-17T18:49:24","slug":"anuncia-amlo-su-jubilacion-al-finalizar-su-sexenio","status":"publish","type":"post","link":"https:\/\/nvnoticias.mx\/index.php\/2021\/01\/17\/anuncia-amlo-su-jubilacion-al-finalizar-su-sexenio\/","title":{"rendered":"Anuncia AMLO su jubilaci\u00f3n al finalizar su sexenio"},"content":{"rendered":"\n<p>Al acudir a la inauguraci\u00f3n dela escuela de Ingenier\u00eda Agroforestal del sistema de Universidades Benito Ju\u00e1rez, en el municipio de Atoyac, en Guerrero, el presidente Andr\u00e9s Manuel L\u00f3pez Obrador\u00a0\u00a0afirm\u00f3 que una vez que termine su sexenio, se jubilar\u00e1.<\/p>\n\n\n\n<blockquote class=\"wp-block-quote is-layout-flow wp-block-quote-is-layout-flow\"><p>\u201cSe nos va a terminar el tiempo y yo soy maderista, estoy a favor del sufragio efectivo y la no reelecci\u00f3n, yo voy a terminar a finales de septiembre y<strong> ya me retiro, me jubilo, misi\u00f3n cumplida<\/strong>; no voy a estar como dirigente permanente, eterno, no hay que caer en el desacato, es decir, \u00bfqui\u00e9n\u00a0me va a sustituir?&#8230;<\/p><p>hay que entregar la estafeta a las nuevas generaciones, hay que pensar en el relevo generacional&#8221;, dijo el mandatario<\/p><\/blockquote>\n\n\n\n<figure class=\"wp-block-embed is-type-video is-provider-youtube wp-block-embed-youtube wp-embed-aspect-16-9 wp-has-aspect-ratio\"><div class=\"wp-block-embed__wrapper\">\n<iframe loading=\"lazy\"  id=\"_ytid_89976\"  width=\"880\" height=\"495\"  data-origwidth=\"880\" data-origheight=\"495\"  data-relstop=\"1\" src=\"https:\/\/www.youtube.com\/embed\/Im8mStRRrLE?enablejsapi=1&#038;autoplay=0&#038;cc_load_policy=0&#038;cc_lang_pref=&#038;iv_load_policy=1&#038;loop=0&#038;rel=0&#038;fs=1&#038;playsinline=0&#038;autohide=2&#038;theme=dark&#038;color=red&#038;controls=1&#038;\" class=\"__youtube_prefs__  epyt-is-override  no-lazyload\" title=\"YouTube player\"  allow=\"fullscreen; accelerometer; autoplay; clipboard-write; encrypted-media; gyroscope; picture-in-picture; web-share\" referrerpolicy=\"strict-origin-when-cross-origin\" allowfullscreen data-no-lazy=\"1\" data-skipgform_ajax_framebjll=\"\"><\/iframe>\n<\/div><\/figure>\n\n\n\n<p>En el acto inaugural  cort\u00f3 el list\u00f3n de la sede universitaria, construida en medio de un campo de cultivo, estuvo acompa\u00f1ado por la coordinadora de universidades Benito Ju\u00e1rez, Raquel Sosa, y  el gobernador del estado, H\u00e9ctor Astudillo.<\/p>\n","protected":false},"excerpt":{"rendered":"<p>El mandatario dijo que no estar\u00e1 como dirigente permanente, eterno, por lo que no caer\u00e1 en el desacato.<\/p>\n","protected":false},"author":6,"featured_media":1423,"comment_status":"open","ping_status":"open","sticky":false,"template":"","format":"standard","meta":{"_monsterinsights_skip_tracking":false,"_monsterinsights_sitenote_active":false,"_monsterinsights_sitenote_note":"","_monsterinsights_sitenote_category":0,"footnotes":""},"categories":[157],"tags":[188,162,411],"class_list":["post-1422","post","type-post","status-publish","format-standard","has-post-thumbnail","hentry","category-nacional","tag-amlo","tag-portada","tag-presidente","wp-image-borders"],"amp_enabled":true,"_links":{"self":[{"href":"https:\/\/nvnoticias.mx\/index.php\/wp-json\/wp\/v2\/posts\/1422","targetHints":{"allow":["GET"]}}],"collection":[{"href":"https:\/\/nvnoticias.mx\/index.php\/wp-json\/wp\/v2\/posts"}],"about":[{"href":"https:\/\/nvnoticias.mx\/index.php\/wp-json\/wp\/v2\/types\/post"}],"author":[{"embeddable":true,"href":"https:\/\/nvnoticias.mx\/index.php\/wp-json\/wp\/v2\/users\/6"}],"replies":[{"embeddable":true,"href":"https:\/\/nvnoticias.mx\/index.php\/wp-json\/wp\/v2\/comments?post=1422"}],"version-history":[{"count":2,"href":"https:\/\/nvnoticias.mx\/index.php\/wp-json\/wp\/v2\/posts\/1422\/revisions"}],"predecessor-version":[{"id":1425,"href":"https:\/\/nvnoticias.mx\/index.php\/wp-json\/wp\/v2\/posts\/1422\/revisions\/1425"}],"wp:featuredmedia":[{"embeddable":true,"href":"https:\/\/nvnoticias.mx\/index.php\/wp-json\/wp\/v2\/media\/1423"}],"wp:attachment":[{"href":"https:\/\/nvnoticias.mx\/index.php\/wp-json\/wp\/v2\/media?parent=1422"}],"wp:term":[{"taxonomy":"category","embeddable":true,"href":"https:\/\/nvnoticias.mx\/index.php\/wp-json\/wp\/v2\/categories?post=1422"},{"taxonomy":"post_tag","embeddable":true,"href":"https:\/\/nvnoticias.mx\/index.php\/wp-json\/wp\/v2\/tags?post=1422"}],"curies":[{"name":"wp","href":"https:\/\/api.w.org\/{rel}","templated":true}]}}