{"id":142198,"date":"2024-03-09T19:41:45","date_gmt":"2024-03-10T01:41:45","guid":{"rendered":"https:\/\/nvnoticias.mx\/?p=142198"},"modified":"2024-03-09T19:41:46","modified_gmt":"2024-03-10T01:41:46","slug":"las-trampas-de-la-reforma-judicial","status":"publish","type":"post","link":"https:\/\/nvnoticias.mx\/index.php\/2024\/03\/09\/las-trampas-de-la-reforma-judicial\/","title":{"rendered":"Las trampas de la reforma judicial"},"content":{"rendered":"\n<p>La&nbsp;<strong>reforma judicial<\/strong>&nbsp;impulsada por el presidente de la rep\u00fablica, -y por su candidata-, se sustenta en la capitalizaci\u00f3n de los profundos agravios que mueven a la&nbsp;<strong>sociedad mexicana<\/strong>&nbsp;en contra de nuestro sistema de impartici\u00f3n de justicia.<\/p>\n\n\n\n<p>Sin embargo, lo que no logra entender la ciudadan\u00eda es que la reforma judicial que promueve la&nbsp;<strong>4T&nbsp;<\/strong>lo \u00fanico que busca es tomar control del&nbsp;<strong>Poder Judicial&nbsp;<\/strong>y someterlo a sus condiciones, convirti\u00e9ndose as\u00ed, -el titular del Poder Ejecutivo-, en el poder supremo en el pa\u00eds.<\/p>\n\n\n\n<p>Sin embargo, en el Poder Judicial a\u00fan no han descubierto la trampa&nbsp;<strong>comunicacional&nbsp;<\/strong>en que hoy est\u00e1n metidos.<\/p>\n\n\n\n<p>La realidad es que los peores agravios relacionados con la justicia no los cometen los miembros de Poder Judicial, -o sea&nbsp;<strong>jueces<\/strong>,&nbsp;<strong>magistrados<\/strong>,&nbsp;<strong>ministros<\/strong>-, sino los polic\u00edas de los tres niveles de gobierno, -municipal, estatal y federal-, que pertenecen al<strong>&nbsp;Poder Ejecutivo<\/strong>, as\u00ed como los ministerios p\u00fablicos que dependen de las fiscal\u00edas estatales y los de la<strong>&nbsp;Fiscal\u00eda General de la Rep\u00fablica<\/strong>.<\/p>\n\n\n\n<p>Sin embargo, el ciudadano, -por&nbsp;<strong>desconocimiento<\/strong>-, engloba sus agravios en un todo que integra el Poder Judicial. Es urgente entender que las&nbsp;<strong>percepciones p\u00fablicas<\/strong>, -aunque partan de ideas err\u00f3neas o equivocadas-, son las que moldean la actitud de la mente colectiva y los fen\u00f3menos de opini\u00f3n p\u00fablica que gu\u00edan las&nbsp;<strong>grandes decisiones&nbsp;<\/strong>de nuestro pa\u00eds.<\/p>\n\n\n\n<p>El Poder Judicial debiese deslindarse de los agravios cometidos por otras autoridades en contra de la ciudadan\u00eda. De los abusos de polic\u00edas, de los&nbsp;<strong>agentes ministeriales<\/strong>, -a los que el pueblo simplemente denomina&nbsp;<strong>\u201clos judiciales\u201d<\/strong>-, as\u00ed como de los agentes del ministerio p\u00fablico, que es el primer contacto del ciudadano con los impartidores de justicia.<\/p>\n\n\n\n<p>Es esta confusi\u00f3n la que genera la&nbsp;<strong>animadversi\u00f3n&nbsp;<\/strong>ciudadana en contra del aut\u00e9ntico Poder Judicial.<\/p>\n\n\n\n<p>La verdadera corrupci\u00f3n, -y los abusos en contra de los&nbsp;<strong>derechos humanos<\/strong>-, est\u00e1n diseminados en todos los \u00e1mbitos donde se da el primer contacto con el ciudadano.<\/p>\n\n\n\n<p>En contraste, el&nbsp;<strong>Poder Judicial&nbsp;<\/strong>es el garante de la justicia sustentada en nuestra Constituci\u00f3n.<\/p>\n\n\n\n<p>Para salir de esta trampa es urgente una campa\u00f1a de&nbsp;<strong>divulgaci\u00f3n<\/strong>&nbsp;que explique a la ciudadan\u00eda, -en los medios masivos de comunicaci\u00f3n-, qu\u00e9 conforma realmente el Poder Judicial y deslindarse de todos los actores dedicados a la&nbsp;<strong>seguridad<\/strong>&nbsp;<strong>p\u00fablica<\/strong>&nbsp;que forman parte del Poder Ejecutivo y de los organismos aut\u00f3nomos, como son las fiscal\u00edas.<\/p>\n\n\n\n<p>Esta campa\u00f1a debe utilizar palabras sencillas, -entendibles para todos los niveles educativos y culturales-, y no sustentarse en conceptos jur\u00eddicos.<\/p>\n\n\n\n<p>Adem\u00e1s, -en forma paralela-, fortalecer la acci\u00f3n fiscalizadora y punitiva del&nbsp;<strong>Consejo de la Judicatura Federal<\/strong>, para castigar directamente a los malos&nbsp;<strong>funcionarios p\u00fablicos<\/strong>, antes de que sea el presidente de la rep\u00fablica, -o los participantes de las campa\u00f1as electorales-, quienes se\u00f1alen a los jueces y magistrados que act\u00faen al margen de la \u00e9tica, la justicia y la constitucionalidad.<\/p>\n\n\n\n<p>Es necesario que la ciudadan\u00eda reconozca que el&nbsp;<strong>Poder Judicial<\/strong>&nbsp;es confiable y es la m\u00e1s importante garant\u00eda de justicia. S\u00f3lo as\u00ed se lograr\u00e1 preservar su independencia.<\/p>\n\n\n\n<p><strong>ATENTADO A LA LIBERTAD DE EXPRESI\u00d3N EN LA COLONIA ROMA<\/strong><\/p>\n\n\n\n<p>Un juez de control inici\u00f3 un proceso judicial en contra de dos vecinos de la Colonia Roma por haber denunciado a trav\u00e9s de la&nbsp;<strong>plataforma \u201cX\u201d<\/strong>, -antes Twitter-, a la constructora de nombre Consorcio Hamburgo por continuar con la construcci\u00f3n de un edificio en la calle&nbsp;<strong>Oaxaca&nbsp;<\/strong>33, seg\u00fan ellos, de forma irregular.<\/p>\n\n\n\n<p>Por haberlos&nbsp;<strong>denunciado<\/strong>&nbsp;<strong>p\u00fablicamente&nbsp;<\/strong>esta desarrolladora denunci\u00f3 penalmente a estos vecinos, &#8211; y tanto el ministerio p\u00fablico como un juez-, han dado curso a la demanda a favor de&nbsp;<strong>Consorcio Hamburgo<\/strong>.<\/p>\n\n\n\n<p>Sin embargo, esta obra ya tiene antecedentes de suspensiones por parte de la alcald\u00eda&nbsp;<strong>Cuauht\u00e9moc&nbsp;<\/strong>y procedimientos iniciados desde tiempo atr\u00e1s.<\/p>\n\n\n\n<p>Este caso es un precedente inadmisible que impone candados a la<strong>&nbsp;libertad de expresi\u00f3n<\/strong>&nbsp;y al derecho de los ciudadanos a manifestar sus inconformidades.<\/p>\n\n\n\n<p><strong>EL POLACO<\/strong><\/p>\n\n\n\n<p>El caso del polaco&nbsp;<strong>Filip Roger Zalewsky<\/strong>&nbsp;ha abierto nuevamente la cloaca que rodea a la forma de operar del&nbsp;<strong>Instituto Nacional de Migraci\u00f3n&nbsp;<\/strong>en los aeropuertos del pa\u00eds, transgrediendo todas las garant\u00edas a los derechos humanos.<\/p>\n\n\n\n<p>Fue retenido ilegalmente durante 22 meses en la estaci\u00f3n migratoria del aeropuerto de&nbsp;<strong>Canc\u00fan&nbsp;<\/strong>sin que hubiese la instrucci\u00f3n de un juez, -teniendo su&nbsp;<strong>documentaci\u00f3n&nbsp;<\/strong>migratoria en regla-, pues es un empresario con&nbsp;<strong>residencia definitiva&nbsp;<\/strong>en M\u00e9xico.<\/p>\n\n\n\n<p>Debemos recordar todas las violaciones a las garant\u00edas que han sido denunciadas por<strong>&nbsp;familias de turistas&nbsp;<\/strong>que llegaron a M\u00e9xico cumpliendo todas las disposiciones migratorias y terminaron retenidos por el&nbsp;<strong>INM&nbsp;<\/strong>y extraditados sin comprobarse delitos.<\/p>\n\n\n\n<p>El polaco&nbsp;<strong>Zalewsky&nbsp;<\/strong>estuvo a punto de morir de dengue por la insalubridad de la \u201ccelda\u201d donde lo retuvieron, y donde las condiciones alimenticias fueron miserables.<\/p>\n\n\n\n<p>Salv\u00f3 la vida por la intervenci\u00f3n de la&nbsp;<strong>CNDH<\/strong>, -a petici\u00f3n de su abogado-, para que fuese ingresado a un hospital.<\/p>\n\n\n\n<p>Independientemente de su situaci\u00f3n jur\u00eddica, -derivada de alg\u00fan asunto pendiente con el gobierno de su pa\u00eds-, las condiciones de su detenci\u00f3n y reclusi\u00f3n en una estaci\u00f3n migratoria insalubre y sin condiciones m\u00ednimas de hospedaje, -mas la actuaci\u00f3n de las autoridades judiciales mexicanas que intervinieron-, amerita una investigaci\u00f3n exhaustiva para corregir estas anomal\u00edas que representan la imagen de M\u00e9xico en el extranjero.<\/p>\n\n\n\n<p><strong>\u00bfA usted qu\u00e9 le parece?<\/strong><\/p>\n\n\n\n<p>Facebook:&nbsp;<strong>@Ricardo.Homs1<\/strong><\/p>\n\n\n\n<p>\u201cX\u201d, (Twitter):&nbsp;<strong>@homsricardo<\/strong><\/p>\n\n\n\n<p>Linkedin:&nbsp;<strong>Ricardo Homs<\/strong><\/p>\n\n\n\n<p><a href=\"http:\/\/www.ricardohoms.com\/\" target=\"_blank\" rel=\"noreferrer noopener\">www.ricardohoms.com<\/a><\/p>\n","protected":false},"excerpt":{"rendered":"<p>La&nbsp;reforma judicial&nbsp;impulsada por el presidente de la rep\u00fablica, -y por su candidata-, se sustenta en la capitalizaci\u00f3n de los profundos agravios que mueven a la&nbsp;sociedad mexicana&nbsp;en contra de nuestro sistema de impartici\u00f3n de justicia. Sin embargo, lo que no logra entender la ciudadan\u00eda es que la reforma judicial que promueve la&nbsp;4T&nbsp;lo \u00fanico que busca es [&hellip;]<\/p>\n","protected":false},"author":18,"featured_media":53418,"comment_status":"open","ping_status":"open","sticky":false,"template":"","format":"standard","meta":{"_monsterinsights_skip_tracking":false,"_monsterinsights_sitenote_active":false,"_monsterinsights_sitenote_note":"","_monsterinsights_sitenote_category":0,"footnotes":""},"categories":[246],"tags":[173],"class_list":["post-142198","post","type-post","status-publish","format-standard","has-post-thumbnail","hentry","category-ricardo-homs","tag-ricardo-homs","wp-image-borders"],"amp_enabled":true,"_links":{"self":[{"href":"https:\/\/nvnoticias.mx\/index.php\/wp-json\/wp\/v2\/posts\/142198","targetHints":{"allow":["GET"]}}],"collection":[{"href":"https:\/\/nvnoticias.mx\/index.php\/wp-json\/wp\/v2\/posts"}],"about":[{"href":"https:\/\/nvnoticias.mx\/index.php\/wp-json\/wp\/v2\/types\/post"}],"author":[{"embeddable":true,"href":"https:\/\/nvnoticias.mx\/index.php\/wp-json\/wp\/v2\/users\/18"}],"replies":[{"embeddable":true,"href":"https:\/\/nvnoticias.mx\/index.php\/wp-json\/wp\/v2\/comments?post=142198"}],"version-history":[{"count":1,"href":"https:\/\/nvnoticias.mx\/index.php\/wp-json\/wp\/v2\/posts\/142198\/revisions"}],"predecessor-version":[{"id":142199,"href":"https:\/\/nvnoticias.mx\/index.php\/wp-json\/wp\/v2\/posts\/142198\/revisions\/142199"}],"wp:featuredmedia":[{"embeddable":true,"href":"https:\/\/nvnoticias.mx\/index.php\/wp-json\/wp\/v2\/media\/53418"}],"wp:attachment":[{"href":"https:\/\/nvnoticias.mx\/index.php\/wp-json\/wp\/v2\/media?parent=142198"}],"wp:term":[{"taxonomy":"category","embeddable":true,"href":"https:\/\/nvnoticias.mx\/index.php\/wp-json\/wp\/v2\/categories?post=142198"},{"taxonomy":"post_tag","embeddable":true,"href":"https:\/\/nvnoticias.mx\/index.php\/wp-json\/wp\/v2\/tags?post=142198"}],"curies":[{"name":"wp","href":"https:\/\/api.w.org\/{rel}","templated":true}]}}