{"id":142184,"date":"2024-03-09T18:10:51","date_gmt":"2024-03-10T00:10:51","guid":{"rendered":"https:\/\/nvnoticias.mx\/?p=142184"},"modified":"2024-03-09T18:10:52","modified_gmt":"2024-03-10T00:10:52","slug":"pelicula-radical-gana-premio-a-mejor-pelicula-iberoamericana-en-el-festival-de-malaga","status":"publish","type":"post","link":"https:\/\/nvnoticias.mx\/index.php\/2024\/03\/09\/pelicula-radical-gana-premio-a-mejor-pelicula-iberoamericana-en-el-festival-de-malaga\/","title":{"rendered":"Pel\u00edcula \u2018Radical\u2019 gana premio a mejor pel\u00edcula iberoamericana en el festival de M\u00e1laga"},"content":{"rendered":"\n<p>La pel\u00edcula &#8216;Radical&#8217;, del mexicano Christopher Zalla, gan\u00f3 el premio al mejor largometraje iberoamericano en el 27 Festival de cine de M\u00e1laga (sur de Espa\u00f1a), que tambi\u00e9n reconoci\u00f3 a la cubana Lola Amores como mejor actriz y a los argentinos Joaqu\u00edn Furriel y Gabriel Goity, como mejor actor y mejor actor de reparto, respectivamente.<\/p>\n\n\n\n<p>&#8216;Segundo premio&#8217;, de Isaki Lacuesta y Pol Rodr\u00edguez, se llev\u00f3 la Biznaga de Oro a la mejor cinta espa\u00f1ola, mientras que el premio especial fue para la pel\u00edcula &#8216;Los peque\u00f1os amores&#8217;, de Celia Rico, en el palmar\u00e9s anunciado este s\u00e1bado por la escritora y guionista argentina Claudia Pi\u00f1eiro, presidenta del jurado.<\/p>\n\n\n\n<p>Lacuesta y Rodr\u00edguez se alzaron adem\u00e1s con el premio a la mejor direcci\u00f3n con esta pel\u00edcula inspirada en la banda espa\u00f1ola Los Planetas, que tambi\u00e9n se llev\u00f3 la Biznaga de Plata al mejor montaje, para Javi Frutos.<\/p>\n\n\n\n<p>La mejor actriz de la secci\u00f3n oficial fue la cubana Lola Amores por su trabajo en la pel\u00edcula &#8216;La mujer salvaje&#8217;, de Al\u00e1n Gonz\u00e1lez, y el premio al mejor actor ha sido &#8216;ex aequo&#8217; para el espa\u00f1ol Luis Zahera, por &#8216;P\u00e1jaros&#8217; -de Pau Dur\u00e0-, y para el argentino Joaqu\u00edn Furriel, por &#8216;Descansar en paz&#8217; -de Sebasti\u00e1n Borensztein-, filme que tambi\u00e9n encumbr\u00f3 al argentino Gabriel Goity, mejor actor de reparto.<\/p>\n\n\n\n<p>Por su parte, el largometraje &#8216;La casa&#8217;, dirigido por \u00c1lex Montoya, recibi\u00f3 dos premios, mejor gui\u00f3n y mejor m\u00fasica, adem\u00e1s del premio del p\u00fablico asistente a las proyecciones en M\u00e1laga.<\/p>\n\n\n\n<p>El palmar\u00e9s del jurado se completa con el premio a la mejor fotograf\u00eda, para Juan Carlos Mart\u00ednez por su labor en la producci\u00f3n colombiana &#8216;Gol\u00e1n&#8217;, dirigida por Orlando Culzat.<\/p>\n\n\n\n<p>Mientras, el premio de la cr\u00edtica en esta secci\u00f3n oficial, en la que compitieron once largometrajes espa\u00f1oles y ocho iberoamericanos, fue para &#8216;Nina&#8217;, de la espa\u00f1ola Andrea Jaurrieta.<\/p>\n\n\n\n<p>El director del Festival, Juan Antonio Vigar, resalt\u00f3 en el acto de lectura del palmar\u00e9s que los contenidos de esta edici\u00f3n estuvieron marcados por &#8220;la diversidad y la riqueza&#8221; porque, si el certamen quiere &#8220;ser \u00fatil al sector, debe mostrar todo lo que se hace en \u00e9l&#8221;.<\/p>\n\n\n\n<p>En esta cita se pudieron ver &#8220;audiovisuales basados en la calidad, con una mirada inteligente y con un compromiso social y personal&#8221;, seg\u00fan Vigar, que reivindic\u00f3 la cultura por su capacidad de &#8220;definir al ser humano, al que dimensiona y engrandece&#8221; y por ser &#8220;el \u00faltimo refugio en un mundo tan convulso, tensionado y agresivo&#8221;.<\/p>\n\n\n\n<p>Adem\u00e1s tuvo un recuerdo &#8220;para los compa\u00f1eros argentinos que luchan por defender sus derechos como creadores&#8221; y subray\u00f3 que este 27 Festival &#8220;ha conseguido ser una celebraci\u00f3n de la vida, del cine y de la alegr\u00eda&#8221;.<\/p>\n\n\n\n<p>Vigar destac\u00f3 la &#8220;enorme pujanza&#8221; del \u00e1rea de industria del certamen, que cont\u00f3 con 1.600 invitados procedentes de 61 pa\u00edses de los cinco continentes, y anunci\u00f3 las fechas del 28 Festival de M\u00e1laga, del 14 al 23 de marzo de 2025.&nbsp;<\/p>\n","protected":false},"excerpt":{"rendered":"<p>La pel\u00edcula &#8216;Radical&#8217;, del mexicano Christopher Zalla, gan\u00f3 el premio al mejor largometraje iberoamericano en el 27 Festival de cine de M\u00e1laga (sur de Espa\u00f1a), que tambi\u00e9n reconoci\u00f3 a la cubana Lola Amores como mejor actriz y a los argentinos Joaqu\u00edn Furriel y Gabriel Goity, como mejor actor y mejor actor de reparto, respectivamente. &#8216;Segundo [&hellip;]<\/p>\n","protected":false},"author":8,"featured_media":142186,"comment_status":"open","ping_status":"open","sticky":false,"template":"","format":"standard","meta":{"_monsterinsights_skip_tracking":false,"_monsterinsights_sitenote_active":false,"_monsterinsights_sitenote_note":"","_monsterinsights_sitenote_category":0,"footnotes":""},"categories":[576],"tags":[29594,6747,10413],"class_list":["post-142184","post","type-post","status-publish","format-standard","has-post-thumbnail","hentry","category-ocio","tag-festival-de-malaga","tag-pelicula-2","tag-radical","wp-image-borders"],"amp_enabled":true,"_links":{"self":[{"href":"https:\/\/nvnoticias.mx\/index.php\/wp-json\/wp\/v2\/posts\/142184","targetHints":{"allow":["GET"]}}],"collection":[{"href":"https:\/\/nvnoticias.mx\/index.php\/wp-json\/wp\/v2\/posts"}],"about":[{"href":"https:\/\/nvnoticias.mx\/index.php\/wp-json\/wp\/v2\/types\/post"}],"author":[{"embeddable":true,"href":"https:\/\/nvnoticias.mx\/index.php\/wp-json\/wp\/v2\/users\/8"}],"replies":[{"embeddable":true,"href":"https:\/\/nvnoticias.mx\/index.php\/wp-json\/wp\/v2\/comments?post=142184"}],"version-history":[{"count":1,"href":"https:\/\/nvnoticias.mx\/index.php\/wp-json\/wp\/v2\/posts\/142184\/revisions"}],"predecessor-version":[{"id":142187,"href":"https:\/\/nvnoticias.mx\/index.php\/wp-json\/wp\/v2\/posts\/142184\/revisions\/142187"}],"wp:featuredmedia":[{"embeddable":true,"href":"https:\/\/nvnoticias.mx\/index.php\/wp-json\/wp\/v2\/media\/142186"}],"wp:attachment":[{"href":"https:\/\/nvnoticias.mx\/index.php\/wp-json\/wp\/v2\/media?parent=142184"}],"wp:term":[{"taxonomy":"category","embeddable":true,"href":"https:\/\/nvnoticias.mx\/index.php\/wp-json\/wp\/v2\/categories?post=142184"},{"taxonomy":"post_tag","embeddable":true,"href":"https:\/\/nvnoticias.mx\/index.php\/wp-json\/wp\/v2\/tags?post=142184"}],"curies":[{"name":"wp","href":"https:\/\/api.w.org\/{rel}","templated":true}]}}